{"id":171658,"date":"2020-10-23T16:19:00","date_gmt":"2020-10-23T19:19:00","guid":{"rendered":"https:\/\/diarioregionaldigital.com.br\/?p=171658"},"modified":"2020-10-23T16:19:00","modified_gmt":"2020-10-23T19:19:00","slug":"tecnico-tite-convoca-jogadores-para-as-duas-proximas-rodadas-das-eliminatorias","status":"publish","type":"post","link":"https:\/\/diarioregionaldigital.com.br\/?p=171658","title":{"rendered":"T\u00e9cnico Tite convoca jogadores para as duas pr\u00f3ximas rodadas das Eliminat\u00f3rias"},"content":{"rendered":"<p>Em evento realizado na manh\u00e3 desta sexta-feira (23), na sede da Confedera\u00e7\u00e3o Brasileira de Futebol (CBF), o t\u00e9cnico Tite, da Sele\u00e7\u00e3o Brasileira, divulgou a lista com os 23 jogadores, que estar\u00e3o em campo para as duas pr\u00f3ximas rodadas das Eliminat\u00f3rias da Copa do Mundo Catar 2022, contra a Venezuela, no Morumbi, em S\u00e3o Paulo, e o Uruguai, no Centen\u00e1rio, em Montevid\u00e9u, nos dias 14 e 17 do pr\u00f3ximo m\u00eas, respectivamente.<\/p>\n<p>Dessa vez, o treinador do time brasileiro contar\u00e1 com o retorno do goleiro Alisson, que havia sido cortado por conta de les\u00e3o no ombro. Outra mudan\u00e7a fica no setor da zaga, no qual \u00c9der Milit\u00e3o (Real Madrid) assume a vaga de Felipe (Atl\u00e9tico de Madrid). O time ter\u00e1 a volta do atacante Gabriel Jesus, que foi cortado dos dois primeiros jogos por conta de les\u00e3o.<\/p>\n<p>Em dois jogos disputados, a Amarelinha obteve duas vit\u00f3rias, 5&#215;0 sobre a Bol\u00edvia na NeoQu\u00edmica Arena e 4&#215;2 de virada sobre o Peru na capital Lima. No momento o time lidera com 100% de aproveitamento, seguido pela Argentina, que tamb\u00e9m ganhou duas partidas, 1&#215;0 sobre o Equador em Buenos Aires e 2&#215;1 sobre a Bol\u00edvia em La Paz.<\/p>\n<p><strong>Listagem completa<\/strong><\/p>\n<p><strong>Goleiros<\/strong><\/p>\n<p>Alisson &#8211; Liverpool (ING)<\/p>\n<p>Ederson &#8211; Manchester City (ING)<\/p>\n<p>Weverton &#8211; Palmeiras<\/p>\n<p><strong>Laterais<\/strong><\/p>\n<p>Alex Telles &#8211; Manchester United (ING)<\/p>\n<p>Danilo &#8211; Juventus (ITA)<\/p>\n<p>Gabriel Menino &#8211; Palmeiras<\/p>\n<p>Renan Lodi &#8211; Atl\u00e9tico de Madrid (ESP)<\/p>\n<p><strong>Zagueiros<\/strong><\/p>\n<p>\u00c9der Milit\u00e3o &#8211; Real Madrid (ESP)<\/p>\n<p>Marquinhos &#8211; Paris Saint-Germain (FRA)<\/p>\n<p>Rodrigo Caio &#8211; Flamengo<\/p>\n<p>Thiago Silva &#8211; Chelsea (ING)<\/p>\n<p><strong>Meio-campistas<\/strong><\/p>\n<p>Arthur &#8211; Juventus (ITA)<\/p>\n<p>Casemiro &#8211; Real Madrid (ESP)<\/p>\n<p>Douglas Luiz &#8211; Aston Villa (ING)<\/p>\n<p>Everton Ribeiro &#8211; Flamengo<\/p>\n<p>Fabinho &#8211; Liverpool (ING)<\/p>\n<p>Philippe Coutinho &#8211; Barcelona (ESP)<\/p>\n<p><strong>Atacantes<\/strong><\/p>\n<p>Everton &#8211; Benfica (POR)<\/p>\n<p>Gabriel Jesus &#8211; Manchester City (ING)<\/p>\n<p>Neymar &#8211; Paris Saint-Germain (FRA)<\/p>\n<p>Richarlison &#8211; Everton (ING)<\/p>\n<p>Roberto Firmino &#8211; Liverpool (ING)<\/p>\n<p>Vinicius Jr &#8211; Real Madrid (ESP)<\/p>\n<p><strong>\u00a0<\/strong><\/p>\n","protected":false},"excerpt":{"rendered":"<p>Em evento realizado na manh\u00e3 desta sexta-feira (23), na sede da Confedera\u00e7\u00e3o Brasileira de Futebol (CBF), o t\u00e9cnico Tite, da Sele\u00e7\u00e3o Brasileira, divulgou a lista com os 23 jogadores, que estar\u00e3o em campo para as duas pr\u00f3ximas rodadas das Eliminat\u00f3rias da Copa do Mundo Catar 2022, contra a Venezuela, no Morumbi, em S\u00e3o Paulo, e [&hellip;]<\/p>\n","protected":false},"author":96,"featured_media":171656,"comment_status":"closed","ping_status":"closed","sticky":false,"template":"","format":"standard","meta":{"footnotes":""},"categories":[436,257,439],"tags":[],"class_list":["post-171658","post","type-post","status-publish","format-standard","has-post-thumbnail","hentry","category-destaque-da-semana","category-esporte","category-ultima-hora"],"_links":{"self":[{"href":"https:\/\/diarioregionaldigital.com.br\/index.php?rest_route=\/wp\/v2\/posts\/171658","targetHints":{"allow":["GET"]}}],"collection":[{"href":"https:\/\/diarioregionaldigital.com.br\/index.php?rest_route=\/wp\/v2\/posts"}],"about":[{"href":"https:\/\/diarioregionaldigital.com.br\/index.php?rest_route=\/wp\/v2\/types\/post"}],"author":[{"embeddable":true,"href":"https:\/\/diarioregionaldigital.com.br\/index.php?rest_route=\/wp\/v2\/users\/96"}],"replies":[{"embeddable":true,"href":"https:\/\/diarioregionaldigital.com.br\/index.php?rest_route=%2Fwp%2Fv2%2Fcomments&post=171658"}],"version-history":[{"count":0,"href":"https:\/\/diarioregionaldigital.com.br\/index.php?rest_route=\/wp\/v2\/posts\/171658\/revisions"}],"wp:featuredmedia":[{"embeddable":true,"href":"https:\/\/diarioregionaldigital.com.br\/index.php?rest_route=\/wp\/v2\/media\/171656"}],"wp:attachment":[{"href":"https:\/\/diarioregionaldigital.com.br\/index.php?rest_route=%2Fwp%2Fv2%2Fmedia&parent=171658"}],"wp:term":[{"taxonomy":"category","embeddable":true,"href":"https:\/\/diarioregionaldigital.com.br\/index.php?rest_route=%2Fwp%2Fv2%2Fcategories&post=171658"},{"taxonomy":"post_tag","embeddable":true,"href":"https:\/\/diarioregionaldigital.com.br\/index.php?rest_route=%2Fwp%2Fv2%2Ftags&post=171658"}],"curies":[{"name":"wp","href":"https:\/\/api.w.org\/{rel}","templated":true}]}}