{"id":171651,"date":"2020-10-23T16:12:36","date_gmt":"2020-10-23T19:12:36","guid":{"rendered":"https:\/\/diarioregionaldigital.com.br\/?p=171651"},"modified":"2020-10-23T16:12:36","modified_gmt":"2020-10-23T19:12:36","slug":"conmebol-sorteia-confrontos-da-libertadores-e-sul-americana","status":"publish","type":"post","link":"https:\/\/diarioregionaldigital.com.br\/?p=171651","title":{"rendered":"Conmebol sorteia confrontos da Libertadores e Sul-Americana"},"content":{"rendered":"<p><span style=\"font-weight: 400;\">Com direito a confrontos de tirar o f\u00f4lego, a Confedera\u00e7\u00e3o Sul-Americana de Futebol (Conmebol), realizou em Luque no Paraguai, o sorteio que definiu os confrontos das oitavas de final da Ta\u00e7a Libertadores e da segunda fase da Copa Sul-Americana.\u00a0<\/span><\/p>\n<p><span style=\"font-weight: 400;\">Na principal competi\u00e7\u00e3o das am\u00e9ricas, os destaques ficam para os confrontos entre brasileiros e argentinos: Racing x Flamengo e Internacional x Boca Juniors. A Libertadores retornou aos gramados no m\u00eas de setembro. Confira os duelos:<\/span><\/p>\n<p><span style=\"font-weight: 400;\">Guarani (Paraguai) x Gr\u00eamio<\/span><\/p>\n<p><span style=\"font-weight: 400;\">Independiente del Valle (Equador) x Nacional (Uruguai)<\/span><\/p>\n<p><span style=\"font-weight: 400;\">Delf\u00edn (Equador) x Palmeiras\u00a0<\/span><\/p>\n<p><span style=\"font-weight: 400;\">Internacional x Boca Juniors (Argentina)<\/span><\/p>\n<p><span style=\"font-weight: 400;\">Racing (Argentina) x Flamengo\u00a0<\/span><\/p>\n<p><span style=\"font-weight: 400;\">Libertad (Paraguai) x Jorge Wilstermann (Bol\u00edvia)<\/span><\/p>\n<p><span style=\"font-weight: 400;\">Athletico Paranaense x River Plate (Argentina)<\/span><\/p>\n<p><span style=\"font-weight: 400;\">LDU (Equador) x Santos<\/span><\/p>\n<p><span style=\"font-weight: 400;\">Vale lembrar que o sorteio definiu tamb\u00e9m o caminho de cada clube participante, at\u00e9 a grande final no Maracan\u00e3, marcado para o pr\u00f3ximo ano.<\/span><\/p>\n<p><b>Sul-Americana<\/b><\/p>\n<p><span style=\"font-weight: 400;\">A entidade m\u00e1xima do futebol sul-americano definiu tamb\u00e9m os duelos da Copa Sul-Americana. <\/span><span style=\"font-weight: 400;\">A competi\u00e7\u00e3o retorna j\u00e1 na pr\u00f3xima ter\u00e7a-feira (27) e o todo, s\u00e3o 22 classificados da primeira fase e os outros dez clubes vindos da Libertadores. <\/span><span style=\"font-weight: 400;\">At\u00e9 o momento, tr\u00eas brasileiros est\u00e3o presentes nesta segunda fase. O Vasco da Gama enfrenta o Caracas (VEN), o S\u00e3o Paulo visita o Lan\u00fas (ARG) e o Bahia joga contra o Melgar (PER).\u00a0<\/span><\/p>\n<p><b>Confira os confrontos:<\/b><\/p>\n<p><span style=\"font-weight: 400;\">Independiente (ARG) x Atl\u00e9tico Tucum\u00e1n (ARG)<\/span><\/p>\n<p><span style=\"font-weight: 400;\">Uni\u00f3n Santa F\u00e9 (ARG) x Emelec (EQU)<\/span><\/p>\n<p><span style=\"font-weight: 400;\">Uni\u00f3n La Calera (CHI) x Deportes Tolima (COL)<\/span><\/p>\n<p><span style=\"font-weight: 400;\">Sol de Am\u00e9rica (PAR) x Universidad Cat\u00f3lica (CHI)<\/span><\/p>\n<p><span style=\"font-weight: 400;\">Millonarios (COL) x Deportivo Cali (COL)<\/span><\/p>\n<p><span style=\"font-weight: 400;\">Sport Huancayo (PER) x Liverpool (URU)<\/span><\/p>\n<p><span style=\"font-weight: 400;\">Vasco x Caracas (VEN)<\/span><\/p>\n<p><span style=\"font-weight: 400;\">Lan\u00fas (ARG) x S\u00e3o Paulo<\/span><\/p>\n<p><span style=\"font-weight: 400;\">Audax Italiano (CHI) x Bol\u00edvar (BOL)<\/span><\/p>\n<p><span style=\"font-weight: 400;\">Sportivo Luque\u00f1o (PAR) x Defensa y Justicia (ARG)<\/span><\/p>\n<p><span style=\"font-weight: 400;\">Coquimbo Unido (CHI) x Estudiantes de M\u00e9rida (VEN)<\/span><\/p>\n<p><span style=\"font-weight: 400;\">V\u00e9lez Sarsfield (ARG) x Pe\u00f1arol (URU)<\/span><\/p>\n<p><span style=\"font-weight: 400;\">Atl\u00e9tico Nacional (COL) x River Plate (URU)<\/span><\/p>\n<p><span style=\"font-weight: 400;\">Plaza Colonia (URU) x Junior Barranquilla (COL)<\/span><\/p>\n<p><span style=\"font-weight: 400;\">Melgar (PER) x Bahia<\/span><\/p>\n<p><span style=\"font-weight: 400;\">F\u00e9nix (URU) x Huachipato (CHI)<\/span><\/p>\n","protected":false},"excerpt":{"rendered":"<p>Com direito a confrontos de tirar o f\u00f4lego, a Confedera\u00e7\u00e3o Sul-Americana de Futebol (Conmebol), realizou em Luque no Paraguai, o sorteio que definiu os confrontos das oitavas de final da Ta\u00e7a Libertadores e da segunda fase da Copa Sul-Americana.\u00a0 Na principal competi\u00e7\u00e3o das am\u00e9ricas, os destaques ficam para os confrontos entre brasileiros e argentinos: Racing [&hellip;]<\/p>\n","protected":false},"author":96,"featured_media":171653,"comment_status":"closed","ping_status":"closed","sticky":false,"template":"","format":"standard","meta":{"footnotes":""},"categories":[436,257,439],"tags":[],"class_list":["post-171651","post","type-post","status-publish","format-standard","has-post-thumbnail","hentry","category-destaque-da-semana","category-esporte","category-ultima-hora"],"_links":{"self":[{"href":"https:\/\/diarioregionaldigital.com.br\/index.php?rest_route=\/wp\/v2\/posts\/171651","targetHints":{"allow":["GET"]}}],"collection":[{"href":"https:\/\/diarioregionaldigital.com.br\/index.php?rest_route=\/wp\/v2\/posts"}],"about":[{"href":"https:\/\/diarioregionaldigital.com.br\/index.php?rest_route=\/wp\/v2\/types\/post"}],"author":[{"embeddable":true,"href":"https:\/\/diarioregionaldigital.com.br\/index.php?rest_route=\/wp\/v2\/users\/96"}],"replies":[{"embeddable":true,"href":"https:\/\/diarioregionaldigital.com.br\/index.php?rest_route=%2Fwp%2Fv2%2Fcomments&post=171651"}],"version-history":[{"count":0,"href":"https:\/\/diarioregionaldigital.com.br\/index.php?rest_route=\/wp\/v2\/posts\/171651\/revisions"}],"wp:featuredmedia":[{"embeddable":true,"href":"https:\/\/diarioregionaldigital.com.br\/index.php?rest_route=\/wp\/v2\/media\/171653"}],"wp:attachment":[{"href":"https:\/\/diarioregionaldigital.com.br\/index.php?rest_route=%2Fwp%2Fv2%2Fmedia&parent=171651"}],"wp:term":[{"taxonomy":"category","embeddable":true,"href":"https:\/\/diarioregionaldigital.com.br\/index.php?rest_route=%2Fwp%2Fv2%2Fcategories&post=171651"},{"taxonomy":"post_tag","embeddable":true,"href":"https:\/\/diarioregionaldigital.com.br\/index.php?rest_route=%2Fwp%2Fv2%2Ftags&post=171651"}],"curies":[{"name":"wp","href":"https:\/\/api.w.org\/{rel}","templated":true}]}}