{"id":171645,"date":"2020-10-23T15:27:38","date_gmt":"2020-10-23T18:27:38","guid":{"rendered":"https:\/\/diarioregionaldigital.com.br\/?p=171645"},"modified":"2020-10-23T15:27:38","modified_gmt":"2020-10-23T18:27:38","slug":"mais-de-300-atletas-estao-inscritos-na-1a-corrida-virtual-da-secretaria-de-esporte-e-lazer","status":"publish","type":"post","link":"https:\/\/diarioregionaldigital.com.br\/?p=171645","title":{"rendered":"Mais de 300 atletas est\u00e3o inscritos na \u201c1\u00aa Corrida Virtual\u201d da Secretaria de Esporte e Lazer"},"content":{"rendered":"<p><span style=\"font-weight: 400;\">Desde que suas inscri\u00e7\u00f5es foram abertas no \u00faltimo dia 18 deste m\u00eas, a \u201c1\u00aa Corrida Virtual\u201d da Secretaria de Esporte e Lazer da Prefeitura de Juiz de Fora (PJF), j\u00e1 tem mais de 300 atletas inscritos. O prazo vai at\u00e9 o dia 6 de novembro. Caso o n\u00famero de vagas dispon\u00edveis sejam preenchidas, o per\u00edodo de inscri\u00e7\u00e3o ser\u00e1 encerrado, uma vez que h\u00e1 limite de 500 participantes.<\/span><\/p>\n<p><span style=\"font-weight: 400;\">Os interessados devem acessar o site www.keepsporting.com e preencher os dados necess\u00e1rios e a inscri\u00e7\u00e3o \u00e9 gratuita. O atleta pode escolher a dist\u00e2ncia de 5, 10 ou 21Km e registrar a respectiva atividade, em aplicativo pr\u00f3prio, como Strava, Nike, ou similares, que ilustrem o momento de realiza\u00e7\u00e3o da prova.\u00a0<\/span><\/p>\n<p><span style=\"font-weight: 400;\">Cumprido o desafio, o atleta deve enviar uma foto com o registro do momento, nome completo, data de nascimento e nome da equipe (caso fa\u00e7a parte de alguma) para o e-mail corridavirtualsel@gmail.com. Somente ser\u00e3o aceitos os e-mails com registros feitos no prazo de realiza\u00e7\u00e3o da corrida. Al\u00e9m disso, <\/span><span style=\"font-weight: 400;\">as provas dever\u00e3o ser realizadas entre os dias 07 e 14 de novembro de 2020.<\/span><\/p>\n<p><b>Resultados<\/b><\/p>\n<p><span style=\"font-weight: 400;\">Por n\u00e3o ser de car\u00e1ter competitivo, a organiza\u00e7\u00e3o informa que o resultado final ser\u00e1 divulgado, conforme a classifica\u00e7\u00e3o de cada dist\u00e2ncia, categoria e faixa et\u00e1ria, que ir\u00e1 levar em conta o tempo enviado pelo pr\u00f3prio atleta, comprovado por foto com o tempo realizado.<\/span><\/p>\n<p><span style=\"font-weight: 400;\">Todos aqueles que enviarem seu registro de atividade receber\u00e3o em seu e-mail um certificado digital de participa\u00e7\u00e3o. Receber\u00e3o tamb\u00e9m uma medalha de participa\u00e7\u00e3o no desafio, que ser\u00e1 retirada na Secretaria de Esporte e Lazer, de acordo com cronograma disponibilizado ap\u00f3s o evento.<\/span><\/p>\n<p>&nbsp;<\/p>\n<p>&nbsp;<\/p>\n","protected":false},"excerpt":{"rendered":"<p>Desde que suas inscri\u00e7\u00f5es foram abertas no \u00faltimo dia 18 deste m\u00eas, a \u201c1\u00aa Corrida Virtual\u201d da Secretaria de Esporte e Lazer da Prefeitura de Juiz de Fora (PJF), j\u00e1 tem mais de 300 atletas inscritos. O prazo vai at\u00e9 o dia 6 de novembro. Caso o n\u00famero de vagas dispon\u00edveis sejam preenchidas, o per\u00edodo [&hellip;]<\/p>\n","protected":false},"author":96,"featured_media":171646,"comment_status":"closed","ping_status":"closed","sticky":false,"template":"","format":"standard","meta":{"footnotes":""},"categories":[436,257,439],"tags":[],"class_list":["post-171645","post","type-post","status-publish","format-standard","has-post-thumbnail","hentry","category-destaque-da-semana","category-esporte","category-ultima-hora"],"_links":{"self":[{"href":"https:\/\/diarioregionaldigital.com.br\/index.php?rest_route=\/wp\/v2\/posts\/171645","targetHints":{"allow":["GET"]}}],"collection":[{"href":"https:\/\/diarioregionaldigital.com.br\/index.php?rest_route=\/wp\/v2\/posts"}],"about":[{"href":"https:\/\/diarioregionaldigital.com.br\/index.php?rest_route=\/wp\/v2\/types\/post"}],"author":[{"embeddable":true,"href":"https:\/\/diarioregionaldigital.com.br\/index.php?rest_route=\/wp\/v2\/users\/96"}],"replies":[{"embeddable":true,"href":"https:\/\/diarioregionaldigital.com.br\/index.php?rest_route=%2Fwp%2Fv2%2Fcomments&post=171645"}],"version-history":[{"count":0,"href":"https:\/\/diarioregionaldigital.com.br\/index.php?rest_route=\/wp\/v2\/posts\/171645\/revisions"}],"wp:featuredmedia":[{"embeddable":true,"href":"https:\/\/diarioregionaldigital.com.br\/index.php?rest_route=\/wp\/v2\/media\/171646"}],"wp:attachment":[{"href":"https:\/\/diarioregionaldigital.com.br\/index.php?rest_route=%2Fwp%2Fv2%2Fmedia&parent=171645"}],"wp:term":[{"taxonomy":"category","embeddable":true,"href":"https:\/\/diarioregionaldigital.com.br\/index.php?rest_route=%2Fwp%2Fv2%2Fcategories&post=171645"},{"taxonomy":"post_tag","embeddable":true,"href":"https:\/\/diarioregionaldigital.com.br\/index.php?rest_route=%2Fwp%2Fv2%2Ftags&post=171645"}],"curies":[{"name":"wp","href":"https:\/\/api.w.org\/{rel}","templated":true}]}}