{"id":171642,"date":"2020-10-23T15:05:39","date_gmt":"2020-10-23T18:05:39","guid":{"rendered":"https:\/\/diarioregionaldigital.com.br\/?p=171642"},"modified":"2020-10-23T15:05:39","modified_gmt":"2020-10-23T18:05:39","slug":"santa-casa-jf-e-condecorada-com-premio-excelencia-em-saude","status":"publish","type":"post","link":"https:\/\/diarioregionaldigital.com.br\/?p=171642","title":{"rendered":"Santa Casa JF \u00e9 condecorada com pr\u00eamio Excel\u00eancia em Sa\u00fade"},"content":{"rendered":"<p>A Santa Casa de Juiz de Fora, recebeu o pr\u00eamio Excel\u00eancia em Sa\u00fade, promovido pelo Grupo M\u00eddia, respons\u00e1vel pela Revista Healthcare. A condecora\u00e7\u00e3o foi feita em sess\u00e3o virtual pelo YouTube e contou com a participa\u00e7\u00e3o do presidente Dr. Renato Villela Loures. A honraria \u00e0 unidade hospitalar representa presta\u00e7\u00e3o de um servi\u00e7o para a popula\u00e7\u00e3o de Juiz de Fora, especialmente para aqueles que utilizam o Sistema \u00danico de Sa\u00fade (SUS).<\/p>\n<p>Esta foi a 8\u00aa edi\u00e7\u00e3o do Pr\u00eamio Excel\u00eancia em Sa\u00fade, que tem o objetivo de homenagear institui\u00e7\u00f5es de sa\u00fade que mais se destacaram. Neste ano, a premia\u00e7\u00e3o abrangeu os <em>cases <\/em>que transformaram o setor da sa\u00fade na \u00faltima d\u00e9cada, bem como dos \u00faltimos 12 meses.<\/p>\n<p>O Dr. Renato Loures frisa que a Santa Casa se aprimorou na \u00faltima d\u00e9cada, com qualidade e desenvolvimento, \u201cNos \u00faltimos 10 anos, conseguimos investir em melhorias de equipamentos e infraestrutura e hoje temos uma institui\u00e7\u00e3o moderna, que presta servi\u00e7os relevantes, com uma gest\u00e3o que tem objetivos claros e metas definidas\u201d, conta.<\/p>\n<p>Ele comenta tamb\u00e9m que \u201ca premia\u00e7\u00e3o \u00e9 um est\u00edmulo para a melhoria cont\u00ednua. Ele \u00e9 extremamente importante porque mostra o trabalho que est\u00e1 sendo feito pelas institui\u00e7\u00f5es que buscam desenvolvimento e inova\u00e7\u00e3o\u201d.<\/p>\n","protected":false},"excerpt":{"rendered":"<p>A Santa Casa de Juiz de Fora, recebeu o pr\u00eamio Excel\u00eancia em Sa\u00fade, promovido pelo Grupo M\u00eddia, respons\u00e1vel pela Revista Healthcare. A condecora\u00e7\u00e3o foi feita em sess\u00e3o virtual pelo YouTube e contou com a participa\u00e7\u00e3o do presidente Dr. Renato Villela Loures. A honraria \u00e0 unidade hospitalar representa presta\u00e7\u00e3o de um servi\u00e7o para a popula\u00e7\u00e3o de [&hellip;]<\/p>\n","protected":false},"author":96,"featured_media":171643,"comment_status":"closed","ping_status":"closed","sticky":false,"template":"","format":"standard","meta":{"footnotes":""},"categories":[253,436,440,439],"tags":[],"class_list":["post-171642","post","type-post","status-publish","format-standard","has-post-thumbnail","hentry","category-cidade","category-destaque-da-semana","category-destaques-do-dia","category-ultima-hora"],"_links":{"self":[{"href":"https:\/\/diarioregionaldigital.com.br\/index.php?rest_route=\/wp\/v2\/posts\/171642","targetHints":{"allow":["GET"]}}],"collection":[{"href":"https:\/\/diarioregionaldigital.com.br\/index.php?rest_route=\/wp\/v2\/posts"}],"about":[{"href":"https:\/\/diarioregionaldigital.com.br\/index.php?rest_route=\/wp\/v2\/types\/post"}],"author":[{"embeddable":true,"href":"https:\/\/diarioregionaldigital.com.br\/index.php?rest_route=\/wp\/v2\/users\/96"}],"replies":[{"embeddable":true,"href":"https:\/\/diarioregionaldigital.com.br\/index.php?rest_route=%2Fwp%2Fv2%2Fcomments&post=171642"}],"version-history":[{"count":0,"href":"https:\/\/diarioregionaldigital.com.br\/index.php?rest_route=\/wp\/v2\/posts\/171642\/revisions"}],"wp:featuredmedia":[{"embeddable":true,"href":"https:\/\/diarioregionaldigital.com.br\/index.php?rest_route=\/wp\/v2\/media\/171643"}],"wp:attachment":[{"href":"https:\/\/diarioregionaldigital.com.br\/index.php?rest_route=%2Fwp%2Fv2%2Fmedia&parent=171642"}],"wp:term":[{"taxonomy":"category","embeddable":true,"href":"https:\/\/diarioregionaldigital.com.br\/index.php?rest_route=%2Fwp%2Fv2%2Fcategories&post=171642"},{"taxonomy":"post_tag","embeddable":true,"href":"https:\/\/diarioregionaldigital.com.br\/index.php?rest_route=%2Fwp%2Fv2%2Ftags&post=171642"}],"curies":[{"name":"wp","href":"https:\/\/api.w.org\/{rel}","templated":true}]}}