{"id":171633,"date":"2020-10-23T14:13:48","date_gmt":"2020-10-23T17:13:48","guid":{"rendered":"https:\/\/diarioregionaldigital.com.br\/?p=171633"},"modified":"2020-10-23T14:13:48","modified_gmt":"2020-10-23T17:13:48","slug":"crimes-violentos-registram-queda-de-33-em-minas","status":"publish","type":"post","link":"https:\/\/diarioregionaldigital.com.br\/?p=171633","title":{"rendered":"Crimes violentos registram queda de 33% em Minas"},"content":{"rendered":"<p>A criminalidade violenta em Minas Gerais caiu 33,8%, entre janeiro e setembro de 2020, na compara\u00e7\u00e3o com o mesmo per\u00edodo do ano passado. Os dados representam 17.875 crimes a menos no comparativo dos primeiros nove meses do ano. Dentre os 15 \u00edndices monitorados mensalmente pelo Observat\u00f3rio de Seguran\u00e7a P\u00fablica, 14 apresentaram redu\u00e7\u00e3o. Os dados foram divulgados nesta\u00a0sexta-feira (23\/10)\u00a0pela\u00a0<a href=\"http:\/\/www.seguranca.mg.gov.br\/\" target=\"_blank\" rel=\"noopener noreferrer\">Secretaria de Estado de Justi\u00e7a e Seguran\u00e7a P\u00fablica (Sejusp)<\/a>.<\/p>\n<p>As estat\u00edsticas de criminalidade violenta incluem os registros de homic\u00eddio consumado e tentado, extors\u00e3o mediante sequestro consumado, sequestro e c\u00e1rcere privado consumado e tentado, estupro consumado e tentado, estupro de vulner\u00e1vel consumado e tentado, roubo consumado e tentado e extors\u00e3o consumada e tentada. Al\u00e9m desses crimes, o Observat\u00f3rio de Seguran\u00e7a P\u00fablica tamb\u00e9m monitora os registros de furto e les\u00e3o corporal.<\/p>\n<p>Importante indicador da criminalidade, o n\u00famero de v\u00edtimas de homic\u00eddios consumados registrou queda de 4,6% no estado. Em Belo Horizonte, a redu\u00e7\u00e3o foi ainda maior :\u00a013,2%. Considerando todo o interior, 638 munic\u00edpios &#8211; o equivalente a 74,8% do total &#8211; n\u00e3o registraram homic\u00eddios, mantiveram ou reduziram os \u00edndices na compara\u00e7\u00e3o com janeiro a setembro do ano passado. Segundo as for\u00e7as de seguran\u00e7a, o \u00edndice de homic\u00eddios \u00e9 o menos impactado pelo per\u00edodo de distanciamento social.<\/p>\n<p>Outros indicadores de destaque s\u00e3o os dados de roubo e furto consumados, que permanecem em queda em Minas, tendo registrado redu\u00e7\u00e3o de 36,8% e 22,6%, respectivamente. O \u00edndice de estupros consumados tamb\u00e9m caiu significativamente, com diminui\u00e7\u00e3o de 26,3% nas ocorr\u00eancias em 2020.<\/p>\n<p><img decoding=\"async\" src=\"http:\/\/www.agenciaminas.mg.gov.br\/ckeditor_assets\/pictures\/9594\/content_tabela_-_sejusp.jpeg\" \/><\/p>\n<p>Desde o in\u00edcio da pandemia do novo coronav\u00edrus, as estat\u00edsticas de feminic\u00eddio e de viol\u00eancia dom\u00e9stica contra a mulher, produzidas pela\u00a0<a href=\"http:\/\/www.policiacivil.mg.gov.br\/\" target=\"_blank\" rel=\"noopener noreferrer\">Pol\u00edcia Civil de Minas Gerais<\/a>, tamb\u00e9m s\u00e3o acompanhadas e publicadas mensalmente. Segundo levantamento mais recente, feminic\u00eddios consumados apresentaram queda de 5,8%, passando de 103 casos entre janeiro e setembro de 2019 para 97 no mesmo per\u00edodo deste ano.<\/p>\n<p><b>An\u00e1lise<\/b><\/p>\n<p>O secret\u00e1rio de Estado de Justi\u00e7a e Seguran\u00e7a P\u00fablica, general Mario Araujo, avalia que os resultados alcan\u00e7ados s\u00e3o consequ\u00eancia da excel\u00eancia do trabalho das for\u00e7as de seguran\u00e7a mineiras, com o \u201capoio cerrado\u201d do Poder Judici\u00e1rio e do Minist\u00e9rio P\u00fablico Estadual.<\/p>\n<p>&#8220;A\u00a0<a title=\"http:\/\/www.policiamilitar.mg.gov.br\/\nCtrl+Clique ou toque para seguir o link\" href=\"http:\/\/www.policiamilitar.mg.gov.br\/\" target=\"_blank\" rel=\"noopener noreferrer\">Pol\u00edcia Militar<\/a>\u00a0tem atuado na preven\u00e7\u00e3o, por meio de a\u00e7\u00e3o qualificada, com base em aprimorado planejamento, refinada atividade de intelig\u00eancia e engajamento de toda a estrutura da institui\u00e7\u00e3o no perseverante esfor\u00e7o por melhores resultados no crime violento. A Pol\u00edcia Civil, na investiga\u00e7\u00e3o, em um processo de melhoria cont\u00ednua na elucida\u00e7\u00e3o dos crimes violentos e comprometimento dos delegados, investigadores, escriv\u00e3es e peritos na busca constante do rompimento da sensa\u00e7\u00e3o de impunidade. Destaca-se ainda a melhoria do processo de integra\u00e7\u00e3o, particularmente nas atividades de intelig\u00eancia e opera\u00e7\u00f5es conjuntas, com participa\u00e7\u00e3o importante dos sistemas prisional, socioeducativo e de preven\u00e7\u00e3o \u00e0 criminalidade. Como resultado, ressalvados os reflexos do isolamento social que interferiram em alguns \u00edndices, Minas tem superado, neste ano, os excelentes resultados de 2019, quando foram atingidos os melhores indicadores desde a implanta\u00e7\u00e3o da atual metodologia de medi\u00e7\u00e3o, em 2012\u201d, ressalta.<\/p>\n<p>Para o chefe da Pol\u00edcia Civil de Minas Gerais, delegado-geral Wagner Pinto, a redu\u00e7\u00e3o hist\u00f3rica dos \u00edndices \u00e9 reflexo da investiga\u00e7\u00e3o qualificada, das opera\u00e7\u00f5es cir\u00fargicas e do trabalho integrado das for\u00e7as de seguran\u00e7a. &#8220;A redu\u00e7\u00e3o gradativa \u00e9 resultado do excelente trabalho prestado pelas for\u00e7as de seguran\u00e7a p\u00fablica. Verificamos uma investiga\u00e7\u00e3o cada vez mais qualificada por parte da Pol\u00edcia Civil e a converg\u00eancia de esfor\u00e7os entre todos os atores da seguran\u00e7a p\u00fablica. Estamos muito focados no combate \u00e0s organiza\u00e7\u00f5es criminosas, o que enfraquece muito a criminalidade violenta&#8221;, explica.<\/p>\n<p>Por sua vez, o comandante-geral da Pol\u00edcia Militar de Minas Gerais, coronel Rodrigo Sousa Rodrigues, avalia que a redu\u00e7\u00e3o dos \u00edndices criminais no estado se deve a tr\u00eas fatores fundamentais: a gest\u00e3o cient\u00edfica de resultados, por meio de acompanhamento, indicadores e metas; a setoriza\u00e7\u00e3o da gest\u00e3o, com a implanta\u00e7\u00e3o do projeto das Bases de Seguran\u00e7a Comunit\u00e1rias, que possibilitam aloca\u00e7\u00e3o do policiamento de acordo com os anseios da comunidade, aumentando a sensa\u00e7\u00e3o de seguran\u00e7a; e a utiliza\u00e7\u00e3o da tecnologia aliada a todos os processos de gest\u00e3o e execu\u00e7\u00e3o da PM.<\/p>\n<p>&#8220;N\u00e3o posso deixar de enaltecer, tamb\u00e9m, a integra\u00e7\u00e3o entre os \u00f3rg\u00e3os que comp\u00f5em o Sistema de Defesa Estadual e o empenho e o comprometimento de cada policial militar que executa suas atividades, nos mais long\u00ednquos rinc\u00f5es de nossas Minas Gerais, tornando nosso estado mais seguro para que nossas fam\u00edlias possam viver, trabalhar e empreender com tranquilidade e seguran\u00e7a\u201d, destaca.<\/p>\n<p><strong>Fonte:\u00a0<\/strong>Ag\u00eancia Minas<\/p>\n","protected":false},"excerpt":{"rendered":"<p>A criminalidade violenta em Minas Gerais caiu 33,8%, entre janeiro e setembro de 2020, na compara\u00e7\u00e3o com o mesmo per\u00edodo do ano passado. Os dados representam 17.875 crimes a menos no comparativo dos primeiros nove meses do ano. Dentre os 15 \u00edndices monitorados mensalmente pelo Observat\u00f3rio de Seguran\u00e7a P\u00fablica, 14 apresentaram redu\u00e7\u00e3o. Os dados foram [&hellip;]<\/p>\n","protected":false},"author":96,"featured_media":171634,"comment_status":"closed","ping_status":"closed","sticky":false,"template":"","format":"standard","meta":{"footnotes":""},"categories":[436,254,439],"tags":[],"class_list":["post-171633","post","type-post","status-publish","format-standard","has-post-thumbnail","hentry","category-destaque-da-semana","category-politica","category-ultima-hora"],"_links":{"self":[{"href":"https:\/\/diarioregionaldigital.com.br\/index.php?rest_route=\/wp\/v2\/posts\/171633","targetHints":{"allow":["GET"]}}],"collection":[{"href":"https:\/\/diarioregionaldigital.com.br\/index.php?rest_route=\/wp\/v2\/posts"}],"about":[{"href":"https:\/\/diarioregionaldigital.com.br\/index.php?rest_route=\/wp\/v2\/types\/post"}],"author":[{"embeddable":true,"href":"https:\/\/diarioregionaldigital.com.br\/index.php?rest_route=\/wp\/v2\/users\/96"}],"replies":[{"embeddable":true,"href":"https:\/\/diarioregionaldigital.com.br\/index.php?rest_route=%2Fwp%2Fv2%2Fcomments&post=171633"}],"version-history":[{"count":0,"href":"https:\/\/diarioregionaldigital.com.br\/index.php?rest_route=\/wp\/v2\/posts\/171633\/revisions"}],"wp:featuredmedia":[{"embeddable":true,"href":"https:\/\/diarioregionaldigital.com.br\/index.php?rest_route=\/wp\/v2\/media\/171634"}],"wp:attachment":[{"href":"https:\/\/diarioregionaldigital.com.br\/index.php?rest_route=%2Fwp%2Fv2%2Fmedia&parent=171633"}],"wp:term":[{"taxonomy":"category","embeddable":true,"href":"https:\/\/diarioregionaldigital.com.br\/index.php?rest_route=%2Fwp%2Fv2%2Fcategories&post=171633"},{"taxonomy":"post_tag","embeddable":true,"href":"https:\/\/diarioregionaldigital.com.br\/index.php?rest_route=%2Fwp%2Fv2%2Ftags&post=171633"}],"curies":[{"name":"wp","href":"https:\/\/api.w.org\/{rel}","templated":true}]}}