{"id":171630,"date":"2020-10-23T14:02:46","date_gmt":"2020-10-23T17:02:46","guid":{"rendered":"https:\/\/diarioregionaldigital.com.br\/?p=171630"},"modified":"2020-10-23T14:02:46","modified_gmt":"2020-10-23T17:02:46","slug":"democracia-crista-entra-com-recurso-para-garantir-candidatura-de-eduardo-lucas","status":"publish","type":"post","link":"https:\/\/diarioregionaldigital.com.br\/?p=171630","title":{"rendered":"Democracia Crist\u00e3 entra com recurso para garantir candidatura de Eduardo Lucas"},"content":{"rendered":"<p><span style=\"font-weight: 400;\">O partido Democracia Crist\u00e3 (DC), entrou com recurso no <\/span><span style=\"font-weight: 400;\">Tribunal Regional Eleitoral (TRE) de Minas Gerais, <\/span><span style=\"font-weight: 400;\">para viabilizar a candidatura de Eduardo Lucas, para a Prefeitura de Juiz de Fora (PJF). Al\u00e9m disso, candidatos a vereadores tamb\u00e9m tiveram suas inscri\u00e7\u00f5es indeferidas. O partido busca recorrer \u00e0 senten\u00e7a d<\/span><span style=\"font-weight: 400;\">o juiz da 153\u00aa Zona Eleitoral de Juiz de Fora, Jos\u00e9 Alfredo J\u00fcnger.\u00a0<\/span><\/p>\n<p><span style=\"font-weight: 400;\">Nessa semana, tanto Eduardo Lucas, quanto os 23 candidatos a uma cadeira na C\u00e2mara Municipal, tiveram suas candidaturas indeferidas, por conta de um poss\u00edvel problema no ato da inscri\u00e7\u00e3o, pois teria sido feita por pessoa inabilitada de acordo com as legisla\u00e7\u00f5es eleitorais vigentes.<\/span><\/p>\n<p><span style=\"font-weight: 400;\">O comunicado oficial, assinado pelo presidente do partido e tamb\u00e9m candidato a vice-prefeito, Jo\u00e3o Ant\u00f4nio Carreira, aponta que o pr\u00f3prio sistema do Tribunal Superior Eleitoral (TSE), poderia ter induzido ao erro da pr\u00f3pria pessoa respons\u00e1vel, no momento do registro de cada candidatura filiada ao DC.<\/span><\/p>\n<p><span style=\"font-weight: 400;\">Conforme J\u00fcnger, como previsto na Resolu\u00e7\u00e3o 23.609\/2019, os partidos que concorrem \u00e0s elei\u00e7\u00f5es, sem coliga\u00e7\u00f5es com outras legendas, devem ter suas respectivas candidaturas registradas somente \u201cpresidente do \u00f3rg\u00e3o de dire\u00e7\u00e3o nacional, estadual ou municipal\u201d ou at\u00e9 mesmo \u201cpor delegado registrado no Sistema de Gerenciamento de Informa\u00e7\u00f5es Partid\u00e1rias (SGIP)\u201d. Por conta disso, o juiz afirma que como a inscri\u00e7\u00e3o foi feita pelo candidato Silvio Macauchar, que n\u00e3o \u00e9 presidente do DC e nem delegado no SGIP, o registro foi indeferido no sistema.<\/span><\/p>\n<p><span style=\"font-weight: 400;\">O partido informa tamb\u00e9m que a referida falha citada por J\u00fcnger, foi remediada no sistema \u201cO erro j\u00e1 foi remediado no sistema, esclarecendo que o recurso pertinente e tempestivo est\u00e1 sendo interposto no TRE, inclusive com pedido de ju\u00edzo de retrata\u00e7\u00e3o, porquanto houve erro no endere\u00e7o da intima\u00e7\u00e3o, bem como n\u00e3o constaram os nomes do presidente e do advogado constitu\u00eddo.\u201d<\/span><\/p>\n<p><span style=\"font-weight: 400;\">No recurso encaminhado ao TRE, o Democracia Crist\u00e3 alega \u201cflagrante falha\u201d da Justi\u00e7a Eleitoral, na tentativa de intima\u00e7\u00e3o do presidente do partido e do advogado para consertar as falhas. Al\u00e9m disso, o DC deseja que a chapa seja deferida, uma vez que o prazo se encerra na segunda-feira (26).<\/span><\/p>\n","protected":false},"excerpt":{"rendered":"<p>O partido Democracia Crist\u00e3 (DC), entrou com recurso no Tribunal Regional Eleitoral (TRE) de Minas Gerais, para viabilizar a candidatura de Eduardo Lucas, para a Prefeitura de Juiz de Fora (PJF). Al\u00e9m disso, candidatos a vereadores tamb\u00e9m tiveram suas inscri\u00e7\u00f5es indeferidas. O partido busca recorrer \u00e0 senten\u00e7a do juiz da 153\u00aa Zona Eleitoral de Juiz [&hellip;]<\/p>\n","protected":false},"author":96,"featured_media":171631,"comment_status":"closed","ping_status":"closed","sticky":false,"template":"","format":"standard","meta":{"footnotes":""},"categories":[436,254,439],"tags":[],"class_list":["post-171630","post","type-post","status-publish","format-standard","has-post-thumbnail","hentry","category-destaque-da-semana","category-politica","category-ultima-hora"],"_links":{"self":[{"href":"https:\/\/diarioregionaldigital.com.br\/index.php?rest_route=\/wp\/v2\/posts\/171630","targetHints":{"allow":["GET"]}}],"collection":[{"href":"https:\/\/diarioregionaldigital.com.br\/index.php?rest_route=\/wp\/v2\/posts"}],"about":[{"href":"https:\/\/diarioregionaldigital.com.br\/index.php?rest_route=\/wp\/v2\/types\/post"}],"author":[{"embeddable":true,"href":"https:\/\/diarioregionaldigital.com.br\/index.php?rest_route=\/wp\/v2\/users\/96"}],"replies":[{"embeddable":true,"href":"https:\/\/diarioregionaldigital.com.br\/index.php?rest_route=%2Fwp%2Fv2%2Fcomments&post=171630"}],"version-history":[{"count":0,"href":"https:\/\/diarioregionaldigital.com.br\/index.php?rest_route=\/wp\/v2\/posts\/171630\/revisions"}],"wp:featuredmedia":[{"embeddable":true,"href":"https:\/\/diarioregionaldigital.com.br\/index.php?rest_route=\/wp\/v2\/media\/171631"}],"wp:attachment":[{"href":"https:\/\/diarioregionaldigital.com.br\/index.php?rest_route=%2Fwp%2Fv2%2Fmedia&parent=171630"}],"wp:term":[{"taxonomy":"category","embeddable":true,"href":"https:\/\/diarioregionaldigital.com.br\/index.php?rest_route=%2Fwp%2Fv2%2Fcategories&post=171630"},{"taxonomy":"post_tag","embeddable":true,"href":"https:\/\/diarioregionaldigital.com.br\/index.php?rest_route=%2Fwp%2Fv2%2Ftags&post=171630"}],"curies":[{"name":"wp","href":"https:\/\/api.w.org\/{rel}","templated":true}]}}