{"id":171622,"date":"2020-10-23T10:37:18","date_gmt":"2020-10-23T13:37:18","guid":{"rendered":"https:\/\/diarioregionaldigital.com.br\/?p=171622"},"modified":"2020-10-23T10:37:18","modified_gmt":"2020-10-23T13:37:18","slug":"estado-registra-mais-de-2-mil-novos-casos-nas-ultimas-24h","status":"publish","type":"post","link":"https:\/\/diarioregionaldigital.com.br\/?p=171622","title":{"rendered":"Estado registra mais de 2 mil novos casos nas \u00faltimas 24h"},"content":{"rendered":"<p>O novo\u00a0<a href=\"https:\/\/saude.mg.gov.br\/images\/noticias_e_eventos\/000_2020\/Boletins_Corona\/23.10.2020Boletim-Epidemiologico_COVID-19.pdf\">boletim epidemiol\u00f3gico<\/a> publicado nesta sexta-feira (23), pela Secretaria de Estado da Sa\u00fade de Minas Gerais (SES-MG), informa que nas \u00faltimas 24h, foram notificadas mais 2.029 mortes decorrentes do Coronav\u00edrus. No acumulado, s\u00e3o 345.188 pessoas infectadas.<\/p>\n<p>Al\u00e9m disso, foram registrados mais 65 mortes pela doen\u00e7a, totalizando 8.686 \u00f3bitos. Os dados indicam que 4.939 v\u00edtimas s\u00e3o do sexo masculino e 3.747 s\u00e3o do feminino.<\/p>\n<p>Al\u00e9m disso, 313.566 pacientes est\u00e3o recuperados da doen\u00e7a, representando 90,8% dos casos e 22.936 fazem acompanhamento m\u00e9dico. Quanto aos dados de hospitaliza\u00e7\u00e3o, 34.597 pessoas est\u00e3o internadas e 310.591 est\u00e3o em isolamento domiciliar.<\/p>\n","protected":false},"excerpt":{"rendered":"<p>O novo\u00a0boletim epidemiol\u00f3gico publicado nesta sexta-feira (23), pela Secretaria de Estado da Sa\u00fade de Minas Gerais (SES-MG), informa que nas \u00faltimas 24h, foram notificadas mais 2.029 mortes decorrentes do Coronav\u00edrus. No acumulado, s\u00e3o 345.188 pessoas infectadas. Al\u00e9m disso, foram registrados mais 65 mortes pela doen\u00e7a, totalizando 8.686 \u00f3bitos. Os dados indicam que 4.939 v\u00edtimas s\u00e3o [&hellip;]<\/p>\n","protected":false},"author":96,"featured_media":161328,"comment_status":"closed","ping_status":"closed","sticky":false,"template":"","format":"standard","meta":{"footnotes":""},"categories":[436,440,252,439],"tags":[],"class_list":["post-171622","post","type-post","status-publish","format-standard","has-post-thumbnail","hentry","category-destaque-da-semana","category-destaques-do-dia","category-regiao","category-ultima-hora"],"_links":{"self":[{"href":"https:\/\/diarioregionaldigital.com.br\/index.php?rest_route=\/wp\/v2\/posts\/171622","targetHints":{"allow":["GET"]}}],"collection":[{"href":"https:\/\/diarioregionaldigital.com.br\/index.php?rest_route=\/wp\/v2\/posts"}],"about":[{"href":"https:\/\/diarioregionaldigital.com.br\/index.php?rest_route=\/wp\/v2\/types\/post"}],"author":[{"embeddable":true,"href":"https:\/\/diarioregionaldigital.com.br\/index.php?rest_route=\/wp\/v2\/users\/96"}],"replies":[{"embeddable":true,"href":"https:\/\/diarioregionaldigital.com.br\/index.php?rest_route=%2Fwp%2Fv2%2Fcomments&post=171622"}],"version-history":[{"count":0,"href":"https:\/\/diarioregionaldigital.com.br\/index.php?rest_route=\/wp\/v2\/posts\/171622\/revisions"}],"wp:featuredmedia":[{"embeddable":true,"href":"https:\/\/diarioregionaldigital.com.br\/index.php?rest_route=\/wp\/v2\/media\/161328"}],"wp:attachment":[{"href":"https:\/\/diarioregionaldigital.com.br\/index.php?rest_route=%2Fwp%2Fv2%2Fmedia&parent=171622"}],"wp:term":[{"taxonomy":"category","embeddable":true,"href":"https:\/\/diarioregionaldigital.com.br\/index.php?rest_route=%2Fwp%2Fv2%2Fcategories&post=171622"},{"taxonomy":"post_tag","embeddable":true,"href":"https:\/\/diarioregionaldigital.com.br\/index.php?rest_route=%2Fwp%2Fv2%2Ftags&post=171622"}],"curies":[{"name":"wp","href":"https:\/\/api.w.org\/{rel}","templated":true}]}}