{"id":171610,"date":"2020-10-23T06:00:34","date_gmt":"2020-10-23T09:00:34","guid":{"rendered":"https:\/\/diarioregionaldigital.com.br\/?p=171610"},"modified":"2020-10-23T02:28:22","modified_gmt":"2020-10-23T05:28:22","slug":"poetico","status":"publish","type":"post","link":"https:\/\/diarioregionaldigital.com.br\/?p=171610","title":{"rendered":"Po\u00e9tico"},"content":{"rendered":"<p style=\"text-align: center;\"><strong>Economia<\/strong><\/p>\n<p style=\"text-align: center;\">A pandemia do novo Coronav\u00edrus tem deixando, gente de cabelo em p\u00e9. O aviso pr\u00e9vio de plano de sa\u00fade est\u00e1 ampliando gasto de microempresas e empreendedores que precisaram cortar o beneficio para reduzir despesas est\u00e3o reclamando de cobran\u00e7a que Justi\u00e7a diz ser indevida.<\/p>\n<p style=\"text-align: center;\"><strong>Po\u00e9tico<\/strong><\/p>\n<p style=\"text-align: center;\">Fazendo sucesso o livro \u201cEmpurrando \u00c1gua\u201d, um ensaio fotogr\u00e1fico po\u00e9tico feito pelo fot\u00f3grafo C\u00e9sar Fraga e pontuada por textos da jornalista Isabel Clemente e tem pref\u00e1cio do jornalista Ronaldo Ribeiro, editor s\u00eanior da National Geographic Brasil.<\/p>\n<p style=\"text-align: center;\"><strong>Anivers\u00e1rio<\/strong><\/p>\n<p style=\"text-align: center;\">O Zine Cultural comemora no s\u00e1bado (24) as 18hs 21 anos de atividades.O Liversario #Zinefez 21! Ter\u00e1 m\u00fasica ao vivo, sorteio de pr\u00eamios, novos talentos e #TBTShow Inesquec\u00edvel. Acesse www.liversario.com.br para conferir a transmiss\u00e3o. Agradecemos o fin\u00edssimo mimo para curtir em casa de forma segura e me sentir um zinete. Parab\u00e9ns.<\/p>\n<p style=\"text-align: center;\"><strong>Up:<\/strong> Bonita e competente, J\u00e9ssica Bissoli Tolomelli recebeu o t\u00edtulo de Especialista em Dermatologia pela Sociedade Brasileira de Dermatologia.<\/p>\n<div id=\"attachment_171568\" style=\"width: 690px\" class=\"wp-caption aligncenter\"><img loading=\"lazy\" decoding=\"async\" aria-describedby=\"caption-attachment-171568\" class=\"wp-image-171568\" src=\"https:\/\/diarioregionaldigital.com.br\/wp-content\/uploads\/2020\/10\/fotoa-10-e1603430254189.jpg\" alt=\"\" width=\"680\" height=\"492\" srcset=\"https:\/\/diarioregionaldigital.com.br\/wp-content\/uploads\/2020\/10\/fotoa-10-e1603430254189.jpg 1055w, https:\/\/diarioregionaldigital.com.br\/wp-content\/uploads\/2020\/10\/fotoa-10-e1603430254189-300x217.jpg 300w, https:\/\/diarioregionaldigital.com.br\/wp-content\/uploads\/2020\/10\/fotoa-10-e1603430254189-1024x742.jpg 1024w, https:\/\/diarioregionaldigital.com.br\/wp-content\/uploads\/2020\/10\/fotoa-10-e1603430254189-768x556.jpg 768w, https:\/\/diarioregionaldigital.com.br\/wp-content\/uploads\/2020\/10\/fotoa-10-e1603430254189-360x261.jpg 360w\" sizes=\"auto, (max-width: 680px) 100vw, 680px\" \/><p id=\"caption-attachment-171568\" class=\"wp-caption-text\">A bonita e competente Lara Spada recebe um foco de luz em ritmo social<\/p><\/div>\n<div id=\"attachment_171569\" style=\"width: 690px\" class=\"wp-caption aligncenter\"><img loading=\"lazy\" decoding=\"async\" aria-describedby=\"caption-attachment-171569\" class=\"wp-image-171569\" src=\"https:\/\/diarioregionaldigital.com.br\/wp-content\/uploads\/2020\/10\/fotoaa-5-e1603430303554.jpeg\" alt=\"\" width=\"680\" height=\"487\" srcset=\"https:\/\/diarioregionaldigital.com.br\/wp-content\/uploads\/2020\/10\/fotoaa-5-e1603430303554.jpeg 956w, https:\/\/diarioregionaldigital.com.br\/wp-content\/uploads\/2020\/10\/fotoaa-5-e1603430303554-300x215.jpeg 300w, https:\/\/diarioregionaldigital.com.br\/wp-content\/uploads\/2020\/10\/fotoaa-5-e1603430303554-768x550.jpeg 768w, https:\/\/diarioregionaldigital.com.br\/wp-content\/uploads\/2020\/10\/fotoaa-5-e1603430303554-360x258.jpeg 360w\" sizes=\"auto, (max-width: 680px) 100vw, 680px\" \/><p id=\"caption-attachment-171569\" class=\"wp-caption-text\">Aniversariando hoje (23) a bonita esteticista Stephanie Franck. Comemora com o namorado Matheus Faza<\/p><\/div>\n<div id=\"attachment_171578\" style=\"width: 690px\" class=\"wp-caption aligncenter\"><img loading=\"lazy\" decoding=\"async\" aria-describedby=\"caption-attachment-171578\" class=\"wp-image-171578\" src=\"https:\/\/diarioregionaldigital.com.br\/wp-content\/uploads\/2020\/10\/fotoi-3-e1603430609606.jpeg\" alt=\"\" width=\"680\" height=\"541\" srcset=\"https:\/\/diarioregionaldigital.com.br\/wp-content\/uploads\/2020\/10\/fotoi-3-e1603430609606.jpeg 765w, https:\/\/diarioregionaldigital.com.br\/wp-content\/uploads\/2020\/10\/fotoi-3-e1603430609606-300x239.jpeg 300w, https:\/\/diarioregionaldigital.com.br\/wp-content\/uploads\/2020\/10\/fotoi-3-e1603430609606-360x287.jpeg 360w\" sizes=\"auto, (max-width: 680px) 100vw, 680px\" \/><p id=\"caption-attachment-171578\" class=\"wp-caption-text\">Filho do modelo e personal Ramon Wagner, Heitor Alves \u00e9 o aniversariante de destaque no M\u00eas da Crian\u00e7a<\/p><\/div>\n<div id=\"attachment_171570\" style=\"width: 690px\" class=\"wp-caption aligncenter\"><img loading=\"lazy\" decoding=\"async\" aria-describedby=\"caption-attachment-171570\" class=\"wp-image-171570\" src=\"https:\/\/diarioregionaldigital.com.br\/wp-content\/uploads\/2020\/10\/fotob-13-e1603430334336.jpg\" alt=\"\" width=\"680\" height=\"498\" srcset=\"https:\/\/diarioregionaldigital.com.br\/wp-content\/uploads\/2020\/10\/fotob-13-e1603430334336.jpg 1506w, https:\/\/diarioregionaldigital.com.br\/wp-content\/uploads\/2020\/10\/fotob-13-e1603430334336-300x220.jpg 300w, https:\/\/diarioregionaldigital.com.br\/wp-content\/uploads\/2020\/10\/fotob-13-e1603430334336-1024x750.jpg 1024w, https:\/\/diarioregionaldigital.com.br\/wp-content\/uploads\/2020\/10\/fotob-13-e1603430334336-768x562.jpg 768w, https:\/\/diarioregionaldigital.com.br\/wp-content\/uploads\/2020\/10\/fotob-13-e1603430334336-360x264.jpg 360w\" sizes=\"auto, (max-width: 680px) 100vw, 680px\" \/><p id=\"caption-attachment-171570\" class=\"wp-caption-text\">Quem \u00e9 rei n\u00e3o perde a majestade com o soberano do carnaval de JF, Caio Dias<\/p><\/div>\n<div id=\"attachment_171572\" style=\"width: 690px\" class=\"wp-caption aligncenter\"><img loading=\"lazy\" decoding=\"async\" aria-describedby=\"caption-attachment-171572\" class=\"wp-image-171572\" src=\"https:\/\/diarioregionaldigital.com.br\/wp-content\/uploads\/2020\/10\/fotoc-14-e1603430405679.jpg\" alt=\"\" width=\"680\" height=\"461\" srcset=\"https:\/\/diarioregionaldigital.com.br\/wp-content\/uploads\/2020\/10\/fotoc-14-e1603430405679.jpg 1116w, https:\/\/diarioregionaldigital.com.br\/wp-content\/uploads\/2020\/10\/fotoc-14-e1603430405679-300x203.jpg 300w, https:\/\/diarioregionaldigital.com.br\/wp-content\/uploads\/2020\/10\/fotoc-14-e1603430405679-1024x694.jpg 1024w, https:\/\/diarioregionaldigital.com.br\/wp-content\/uploads\/2020\/10\/fotoc-14-e1603430405679-768x520.jpg 768w, https:\/\/diarioregionaldigital.com.br\/wp-content\/uploads\/2020\/10\/fotoc-14-e1603430405679-360x244.jpg 360w\" sizes=\"auto, (max-width: 680px) 100vw, 680px\" \/><p id=\"caption-attachment-171572\" class=\"wp-caption-text\">Curtindo a natureza do Museu Mariano Proc\u00f3pio, o estilo modernette de Guilherme Landim<\/p><\/div>\n<div id=\"attachment_171571\" style=\"width: 690px\" class=\"wp-caption aligncenter\"><img loading=\"lazy\" decoding=\"async\" aria-describedby=\"caption-attachment-171571\" class=\"wp-image-171571\" src=\"https:\/\/diarioregionaldigital.com.br\/wp-content\/uploads\/2020\/10\/fotobb-e1603430371640.jpg\" alt=\"\" width=\"680\" height=\"486\" srcset=\"https:\/\/diarioregionaldigital.com.br\/wp-content\/uploads\/2020\/10\/fotobb-e1603430371640.jpg 936w, https:\/\/diarioregionaldigital.com.br\/wp-content\/uploads\/2020\/10\/fotobb-e1603430371640-300x214.jpg 300w, https:\/\/diarioregionaldigital.com.br\/wp-content\/uploads\/2020\/10\/fotobb-e1603430371640-768x549.jpg 768w, https:\/\/diarioregionaldigital.com.br\/wp-content\/uploads\/2020\/10\/fotobb-e1603430371640-360x257.jpg 360w, https:\/\/diarioregionaldigital.com.br\/wp-content\/uploads\/2020\/10\/fotobb-e1603430371640-100x70.jpg 100w\" sizes=\"auto, (max-width: 680px) 100vw, 680px\" \/><p id=\"caption-attachment-171571\" class=\"wp-caption-text\">As lindas formandas do Curso de Pedagogia da Universidade de Lavras (MG) 2020: Polliana Maria Rezende, Isabel Cristina Dornelas e Mariana Melo da Costa<\/p><\/div>\n<div id=\"attachment_171573\" style=\"width: 690px\" class=\"wp-caption aligncenter\"><img loading=\"lazy\" decoding=\"async\" aria-describedby=\"caption-attachment-171573\" class=\"wp-image-171573\" src=\"https:\/\/diarioregionaldigital.com.br\/wp-content\/uploads\/2020\/10\/fotod-4-e1603430446870.jpeg\" alt=\"\" width=\"680\" height=\"491\" srcset=\"https:\/\/diarioregionaldigital.com.br\/wp-content\/uploads\/2020\/10\/fotod-4-e1603430446870.jpeg 504w, https:\/\/diarioregionaldigital.com.br\/wp-content\/uploads\/2020\/10\/fotod-4-e1603430446870-300x217.jpeg 300w, https:\/\/diarioregionaldigital.com.br\/wp-content\/uploads\/2020\/10\/fotod-4-e1603430446870-360x260.jpeg 360w\" sizes=\"auto, (max-width: 680px) 100vw, 680px\" \/><p id=\"caption-attachment-171573\" class=\"wp-caption-text\">No espa\u00e7o Mascarenhas durante almo\u00e7o antes da pandemia, Beth Urgal e Eduardo Gomes<\/p><\/div>\n<div id=\"attachment_171575\" style=\"width: 690px\" class=\"wp-caption aligncenter\"><img loading=\"lazy\" decoding=\"async\" aria-describedby=\"caption-attachment-171575\" class=\"wp-image-171575\" src=\"https:\/\/diarioregionaldigital.com.br\/wp-content\/uploads\/2020\/10\/fotof-4-e1603430507913.jpeg\" alt=\"\" width=\"680\" height=\"482\" srcset=\"https:\/\/diarioregionaldigital.com.br\/wp-content\/uploads\/2020\/10\/fotof-4-e1603430507913.jpeg 1206w, https:\/\/diarioregionaldigital.com.br\/wp-content\/uploads\/2020\/10\/fotof-4-e1603430507913-300x212.jpeg 300w, https:\/\/diarioregionaldigital.com.br\/wp-content\/uploads\/2020\/10\/fotof-4-e1603430507913-1024x725.jpeg 1024w, https:\/\/diarioregionaldigital.com.br\/wp-content\/uploads\/2020\/10\/fotof-4-e1603430507913-768x544.jpeg 768w, https:\/\/diarioregionaldigital.com.br\/wp-content\/uploads\/2020\/10\/fotof-4-e1603430507913-750x530.jpeg 750w, https:\/\/diarioregionaldigital.com.br\/wp-content\/uploads\/2020\/10\/fotof-4-e1603430507913-360x255.jpeg 360w, https:\/\/diarioregionaldigital.com.br\/wp-content\/uploads\/2020\/10\/fotof-4-e1603430507913-100x70.jpeg 100w\" sizes=\"auto, (max-width: 680px) 100vw, 680px\" \/><p id=\"caption-attachment-171575\" class=\"wp-caption-text\">A bonita Rozaine Pires exibe seus trabalhos em croch\u00ea em t\u00e9cnica chinesa<\/p><\/div>\n<div id=\"attachment_171574\" style=\"width: 690px\" class=\"wp-caption aligncenter\"><img loading=\"lazy\" decoding=\"async\" aria-describedby=\"caption-attachment-171574\" class=\"wp-image-171574\" src=\"https:\/\/diarioregionaldigital.com.br\/wp-content\/uploads\/2020\/10\/fotoe-10-e1603430475804.jpg\" alt=\"\" width=\"680\" height=\"515\" srcset=\"https:\/\/diarioregionaldigital.com.br\/wp-content\/uploads\/2020\/10\/fotoe-10-e1603430475804.jpg 830w, https:\/\/diarioregionaldigital.com.br\/wp-content\/uploads\/2020\/10\/fotoe-10-e1603430475804-300x227.jpg 300w, https:\/\/diarioregionaldigital.com.br\/wp-content\/uploads\/2020\/10\/fotoe-10-e1603430475804-768x582.jpg 768w, https:\/\/diarioregionaldigital.com.br\/wp-content\/uploads\/2020\/10\/fotoe-10-e1603430475804-360x273.jpg 360w\" sizes=\"auto, (max-width: 680px) 100vw, 680px\" \/><p id=\"caption-attachment-171574\" class=\"wp-caption-text\">Amigos lindos em Florian\u00f3polis, o advogado Arthur Batitucci e Roberta Cruz<\/p><\/div>\n<div id=\"attachment_171576\" style=\"width: 690px\" class=\"wp-caption aligncenter\"><img loading=\"lazy\" decoding=\"async\" aria-describedby=\"caption-attachment-171576\" class=\"wp-image-171576\" src=\"https:\/\/diarioregionaldigital.com.br\/wp-content\/uploads\/2020\/10\/fotog-13-e1603430541850.jpg\" alt=\"\" width=\"680\" height=\"481\" srcset=\"https:\/\/diarioregionaldigital.com.br\/wp-content\/uploads\/2020\/10\/fotog-13-e1603430541850.jpg 510w, https:\/\/diarioregionaldigital.com.br\/wp-content\/uploads\/2020\/10\/fotog-13-e1603430541850-300x212.jpg 300w, https:\/\/diarioregionaldigital.com.br\/wp-content\/uploads\/2020\/10\/fotog-13-e1603430541850-360x255.jpg 360w, https:\/\/diarioregionaldigital.com.br\/wp-content\/uploads\/2020\/10\/fotog-13-e1603430541850-100x70.jpg 100w\" sizes=\"auto, (max-width: 680px) 100vw, 680px\" \/><p id=\"caption-attachment-171576\" class=\"wp-caption-text\">Esperando os eventos do Privilege voltar o din\u00e2mico Marcos Grij\u00f3<\/p><\/div>\n<div id=\"attachment_171577\" style=\"width: 690px\" class=\"wp-caption aligncenter\"><img loading=\"lazy\" decoding=\"async\" aria-describedby=\"caption-attachment-171577\" class=\"wp-image-171577\" src=\"https:\/\/diarioregionaldigital.com.br\/wp-content\/uploads\/2020\/10\/fotoh-12-e1603430570930.jpg\" alt=\"\" width=\"680\" height=\"474\" srcset=\"https:\/\/diarioregionaldigital.com.br\/wp-content\/uploads\/2020\/10\/fotoh-12-e1603430570930.jpg 919w, https:\/\/diarioregionaldigital.com.br\/wp-content\/uploads\/2020\/10\/fotoh-12-e1603430570930-300x210.jpg 300w, https:\/\/diarioregionaldigital.com.br\/wp-content\/uploads\/2020\/10\/fotoh-12-e1603430570930-768x535.jpg 768w, https:\/\/diarioregionaldigital.com.br\/wp-content\/uploads\/2020\/10\/fotoh-12-e1603430570930-360x251.jpg 360w, https:\/\/diarioregionaldigital.com.br\/wp-content\/uploads\/2020\/10\/fotoh-12-e1603430570930-100x70.jpg 100w\" sizes=\"auto, (max-width: 680px) 100vw, 680px\" \/><p id=\"caption-attachment-171577\" class=\"wp-caption-text\">Em cena social, os elegantes K\u00e1tia, Magide, Luis Carlos e Val\u00e9ria Makdeci<\/p><\/div>\n<p style=\"text-align: center;\"><strong>FOTOSS\u00cdNTESE<\/strong><\/p>\n<p>Fofoletes est\u00e3o em ritmo de Minha Casa, Minha Vida, fazendo campanha pol\u00edtica.<\/p>\n<p>Com refer\u00eancia 5 estrelas o empres\u00e1rio M\u00e1rcio Marques faz sucesso com seu closet de moda no bairro Cruzeiro do Sul, com novidades para o ver\u00e3o esnobando apurad\u00edssimo bom gosto em camisas, blazers, bermudas, sungas, camisetas e acess\u00f3rios. Na esteira do sucesso, a linha gourmet com bolos, tortas, t\u00e1bua de frios e ceia de Natal.<\/p>\n<p>Sempre alto astral, o bondoso Dom Gil Moreira completou 70 anos, com missa na Catedral e foi tamb\u00e9m cumprimentado pelos 21 anos de ordena\u00e7\u00e3o episcopal. A festiva foi transmitida pelas redes sociais.<\/p>\n<p>Virou mania os pais levarem os filhos para se divertir no Haras Mirim com direito a bela natureza e op\u00e7\u00f5es gastron\u00f4micas.<\/p>\n<p>Em ritmo de mix de sabores, o Independ\u00eancia Shopping promove at\u00e9 o final de m\u00eas a primeira edi\u00e7\u00e3o do Temporada Gourmet, com variados menus em 20 restaurantes e cafeterias. Indicamos o risoto de camar\u00e3o do Spoleto e as sobremesas no Mr.Pina.<\/p>\n<p>Para manter a tradi\u00e7\u00e3o, o evento Minas L\u00e1ctea 2021 ser\u00e1 realizado entre dias 13 e 15 de julho no Expominas\/JF e no Instituto de Latic\u00ednios C\u00e2ndido Tostes. Segundo a Epamig, a edi\u00e7\u00e3o virtual deste ano reuniu mais de seis mil participantes.<\/p>\n<p>No m\u00eas da crian\u00e7a a dica deste colunista s\u00e3o os cupcakes coloridos de Paula Serrano. Os pequenos adoram os minibolos que levam brigadeiro, nutella, mesclado cobertos com chantilly.<\/p>\n<p>Caixa de pandora: A Constitui\u00e7\u00e3o diz que nenhum servidor p\u00fablico pode ganhar mais que R$39,2 mil, mas limite ainda \u00e9 ultrapassado por benef\u00edcios fora da conta. O Governo quer mudar isso para financiar Renda Cidad\u00e3, mas o valor da economia \u00e9 incerto. As gratifica\u00e7\u00f5es criam super sal\u00e1rios que superam o teto. Bom dia.<\/p>\n<p><img loading=\"lazy\" decoding=\"async\" class=\"aligncenter size-full wp-image-171608\" src=\"https:\/\/diarioregionaldigital.com.br\/wp-content\/uploads\/2020\/10\/anuncio27-scaled.jpg\" alt=\"\" width=\"2560\" height=\"987\" srcset=\"https:\/\/diarioregionaldigital.com.br\/wp-content\/uploads\/2020\/10\/anuncio27-scaled.jpg 2560w, https:\/\/diarioregionaldigital.com.br\/wp-content\/uploads\/2020\/10\/anuncio27-300x116.jpg 300w, https:\/\/diarioregionaldigital.com.br\/wp-content\/uploads\/2020\/10\/anuncio27-1024x395.jpg 1024w, https:\/\/diarioregionaldigital.com.br\/wp-content\/uploads\/2020\/10\/anuncio27-768x296.jpg 768w, https:\/\/diarioregionaldigital.com.br\/wp-content\/uploads\/2020\/10\/anuncio27-1536x592.jpg 1536w, https:\/\/diarioregionaldigital.com.br\/wp-content\/uploads\/2020\/10\/anuncio27-2048x790.jpg 2048w, https:\/\/diarioregionaldigital.com.br\/wp-content\/uploads\/2020\/10\/anuncio27-360x139.jpg 360w\" sizes=\"auto, (max-width: 2560px) 100vw, 2560px\" \/><\/p>\n","protected":false},"excerpt":{"rendered":"<p>Economia A pandemia do novo Coronav\u00edrus tem deixando, gente de cabelo em p\u00e9. O aviso pr\u00e9vio de plano de sa\u00fade est\u00e1 ampliando gasto de microempresas e empreendedores que precisaram cortar o beneficio para reduzir despesas est\u00e3o reclamando de cobran\u00e7a que Justi\u00e7a diz ser indevida. Po\u00e9tico Fazendo sucesso o livro \u201cEmpurrando \u00c1gua\u201d, um ensaio fotogr\u00e1fico po\u00e9tico [&hellip;]<\/p>\n","protected":false},"author":96,"featured_media":171568,"comment_status":"closed","ping_status":"closed","sticky":false,"template":"","format":"standard","meta":{"footnotes":""},"categories":[264],"tags":[],"class_list":["post-171610","post","type-post","status-publish","format-standard","has-post-thumbnail","hentry","category-eduardo-gomes"],"_links":{"self":[{"href":"https:\/\/diarioregionaldigital.com.br\/index.php?rest_route=\/wp\/v2\/posts\/171610","targetHints":{"allow":["GET"]}}],"collection":[{"href":"https:\/\/diarioregionaldigital.com.br\/index.php?rest_route=\/wp\/v2\/posts"}],"about":[{"href":"https:\/\/diarioregionaldigital.com.br\/index.php?rest_route=\/wp\/v2\/types\/post"}],"author":[{"embeddable":true,"href":"https:\/\/diarioregionaldigital.com.br\/index.php?rest_route=\/wp\/v2\/users\/96"}],"replies":[{"embeddable":true,"href":"https:\/\/diarioregionaldigital.com.br\/index.php?rest_route=%2Fwp%2Fv2%2Fcomments&post=171610"}],"version-history":[{"count":0,"href":"https:\/\/diarioregionaldigital.com.br\/index.php?rest_route=\/wp\/v2\/posts\/171610\/revisions"}],"wp:featuredmedia":[{"embeddable":true,"href":"https:\/\/diarioregionaldigital.com.br\/index.php?rest_route=\/wp\/v2\/media\/171568"}],"wp:attachment":[{"href":"https:\/\/diarioregionaldigital.com.br\/index.php?rest_route=%2Fwp%2Fv2%2Fmedia&parent=171610"}],"wp:term":[{"taxonomy":"category","embeddable":true,"href":"https:\/\/diarioregionaldigital.com.br\/index.php?rest_route=%2Fwp%2Fv2%2Fcategories&post=171610"},{"taxonomy":"post_tag","embeddable":true,"href":"https:\/\/diarioregionaldigital.com.br\/index.php?rest_route=%2Fwp%2Fv2%2Ftags&post=171610"}],"curies":[{"name":"wp","href":"https:\/\/api.w.org\/{rel}","templated":true}]}}