{"id":171605,"date":"2020-10-23T01:33:30","date_gmt":"2020-10-23T04:33:30","guid":{"rendered":"https:\/\/diarioregionaldigital.com.br\/?p=171605"},"modified":"2020-10-23T10:11:41","modified_gmt":"2020-10-23T13:11:41","slug":"tricampeao-do-mundo-pelo-brasil-rei-pele-completa-80-anos-de-idade","status":"publish","type":"post","link":"https:\/\/diarioregionaldigital.com.br\/?p=171605","title":{"rendered":"Tricampe\u00e3o do mundo pelo Brasil, Rei Pel\u00e9 completa 80 anos de idade"},"content":{"rendered":"<p><span style=\"font-weight: 400;\">Nascido no munic\u00edpio de Tr\u00eas Cora\u00e7\u00f5es em Minas Gerais, no dia 23 de outubro de 1940, Edson Arantes do Nascimento, o \u201cRei Pel\u00e9\u201d, completa nesta sexta-feira (23), 80 anos de idade, com uma hist\u00f3ria de vida repleta de grandes momentos no futebol.<\/span><\/p>\n<p><span style=\"font-weight: 400;\">Em toda sua carreira futebol\u00edstica, o atleta teve passagens pelo Santos e New York Cosmos, al\u00e9m da Sele\u00e7\u00e3o Brasileira. <\/span><span style=\"font-weight: 400;\">Durante o per\u00edodo em que jogou pelo alvinegro, Pel\u00e9 venceu o Campeonato Brasileiro em seis oportunidades (1961, 1962, 1963, 1963, 1965 e 1968), duas Libertadores e dois Mundiais em 1962 e 1963, Recopa dos Campe\u00f5es Intercontinentais (1968), Campeonato Paulista (1958, 1960, 1961, 1962, 1964, 1965, 1967, 1968, 1969, 1973) e Torneio Rio-SP (1959, 1963, 1964). No time de Nova York, venceu a North American Soccer League de 1977.<\/span><\/p>\n<p><span style=\"font-weight: 400;\">Com a camisa do Brasil, ele conquistou tr\u00eas Copas do Mundo, em 1958, 1962 e 1970, al\u00e9m de quatro participa\u00e7\u00f5es, marcando gols em todas elas.\u00a0<\/span><\/p>\n<p><span style=\"font-weight: 400;\">Segundo dados estat\u00edsticos, Pel\u00e9 marcou 767 gols em 831 jogos oficiais, 1281 gols em 1365 no geral enquanto ele estava ativo e 1284 em 1375 levando em conta os jogos beneficentes ap\u00f3s sua aposentadoria.\u00a0<\/span><\/p>\n<p><span style=\"font-weight: 400;\">Al\u00e9m disso, conquistou diversos pr\u00eamios individuais, com destaque para a Bola de Ouro da Revista France Football em 7 ocasi\u00f5es, melhor jogador do s\u00e9culo da FIFA em 2000, Bola de Ouro da FIFA em 2013, dentre outros.<\/span><\/p>\n<p><b>Vida pessoal\u00a0<\/b><\/p>\n<p><span style=\"font-weight: 400;\">Filho de Jo\u00e3o Ramos do Nascimento, na \u00e9poca jogador do Fluminense, <\/span><span style=\"font-weight: 400;\">Pel\u00e9 recebeu seu primeiro nome em homenagem ao inventor Thomas Edison. Seus pais decidiram retirar a letra \u201ci\u201d e pronunciar como \u201cEdson\u201d, entretanto, houve um erro na certid\u00e3o de nascimento, levando muitos documentos a mostrar seu nome como &#8220;Edison&#8221;. Ele \u00e9 o mais velho de dois irm\u00e3os.<\/span><\/p>\n<p><span style=\"font-weight: 400;\">No seu tempo de escola, ele recebeu o apelido de \u201cPel\u00e9\u201d, por conta da pron\u00fancia errada que ele fazia do nome do goleiro do Vasco da Gama naquela \u00e9poca, chamado Bil\u00e9 e, quanto mais se queixava, mais o nome pegava. Em relatos na sua autobiografia, o pr\u00f3prio ex-jogador diz que n\u00e3o sabe o significado do nome, nem seus velhos amigos.\u00a0<\/span><\/p>\n<p><b>Primeiros passos no futebol<\/b><\/p>\n<p><span style=\"font-weight: 400;\">Pel\u00e9 teve in\u00edcio de vida complicada, uma vez que cresceu na \u00e1rea pobre no munic\u00edpio de Bauru em S\u00e3o Paulo. Ele ganhava dinheiro extra trabalhando em lojas de ch\u00e1 e seu pai o ensinava a jogar futebol. Entretanto, por conta das situa\u00e7\u00f5es financeiras, Pel\u00e9 n\u00e3o tinha condi\u00e7\u00f5es de comprar uma bola adequada. Geralmente jogava com uma meia recheada com jornal e amarrada com uma corda ou ainda jogava com uma toranja.<\/span><\/p>\n<p><span style=\"font-weight: 400;\">Na sua juventude, teve passagens por diversos times amadores, dentre eles est\u00e3o: Sete de Setembro, Canto do Rio, S\u00e3o Paulinho e Am\u00e9riquinha. Posteriormente, venceu dois campeonatos pelo Bauru Atl\u00e9tico Clube, comandado pelo ent\u00e3o treinador Waldemar de Brito. Em sua adolesc\u00eancia, partiu para o futebol de sal\u00e3o, jogando por uma equipe chamada Radium.\u00a0<\/span><\/p>\n<p><span style=\"font-weight: 400;\">Para Pel\u00e9, sua participa\u00e7\u00e3o no futsal teve contribui\u00e7\u00e3o em sua carreira futebol\u00edstica. Segundo ele, jogar na quadra era mais dif\u00edcil do que na grama,\u00a0 e que os jogadores eram obrigados a pensar mais r\u00e1pido, uma vez que todo mundo est\u00e1 perto um do outro. Relata ainda que o futsal o permitiu jogar com adultos, quando tinha 14 anos na \u00e9poca. Em um dos torneios em que participou, foi considerado muito jovem para jogar, mas terminou como artilheiro com 14 ou 15 gols marcados.<\/span><\/p>\n<p><b>Atuando no futebol profissional<\/b><\/p>\n<p><span style=\"font-weight: 400;\">No ano de 1956, Waldemar de Brito levou Edson Arantes do Nascimento, para a cidade de Santos, no litoral paulista, onde o atleta foi convocado para jogar como profissional em um dos maiores times do futebol brasileiro: Santos Futebol Clube. Na apresenta\u00e7\u00e3o ao alvinegro praiano, Brito disse \u00e0 administra\u00e7\u00e3o santista, que o jovem de quinze anos seria &#8220;o maior jogador de futebol do mundo.&#8221;\u00a0<\/span><\/p>\n<p><span style=\"font-weight: 400;\">No mesmo ano, Pel\u00e9 assinou contrato com o elenco profissional e fez sua estreia nos gramados, contra o Corinthians de Santo Andr\u00e9, jogo no qual teve goleada do Santos por 7&#215;1, com direito ao gol do ent\u00e3o jovem jogador.<\/span><\/p>\n<p><span style=\"font-weight: 400;\">Em 1961, em partida contra o contra o Fluminense, no Maracan\u00e3, Pel\u00e9 recebeu a bola na entrada da sua pr\u00f3pria \u00e1rea, e correu o comprimento do campo, driblando seis advers\u00e1rios, antes de chutar a bola, al\u00e9m do goleiro. Uma placa foi encomendada com uma dedica\u00e7\u00e3o para &#8220;o gol mais bonito da hist\u00f3ria do Maracan\u00e3&#8221;,dando origem \u00e0 express\u00e3o &#8220;gol de placa&#8221;.<\/span><\/p>\n<p><span style=\"font-weight: 400;\">O brasileiro foi um dos destaques na conquista da primeira Libertadores do clube paulista, em 1962, ao derrotar o ent\u00e3o campe\u00e3o Pe\u00f1arol na final. No mesmo ano, o time enfrentaria o Benfica de Eus\u00e9bio no Mundial. Pel\u00e9 marcou tr\u00eas vezes na goleada por 5&#215;2.\u00a0<\/span><\/p>\n<p><span style=\"font-weight: 400;\">Em 1963, o Santos novamente venceu a Libertadores, dessa vez diante do Boca Juniors e com direito a gol do camisa 10. Curiosamente, o alvinegro tornou-se at\u00e9 ent\u00e3o, o primeiro brasileiro a derrotar os <\/span><i><span style=\"font-weight: 400;\">xeneizes <\/span><\/i><span style=\"font-weight: 400;\">dentro da La Bombonera. Na final do Mundial, o time venceu o Milan, tornando assim bicampe\u00e3o do mundo.<\/span><\/p>\n<p><span style=\"font-weight: 400;\">Outro momento marcante na carreira do jogador, ocorreu em 1967, durante o per\u00edodo da Guerra Civil na Nig\u00e9ria. As duas fac\u00e7\u00f5es envolvidas concordaram em cessar fogo por 48h, para que pudessem assistir Pel\u00e9 jogar uma partida amistosa.\u00a0<\/span><\/p>\n<p><span style=\"font-weight: 400;\">Em 19 de novembro de 1969, Pel\u00e9 marcou seu mil\u00e9simo gol em todas as competi\u00e7\u00f5es, no que foi um momento muito aguardado no Brasil. O objetivo, popularmente apelidado de <\/span><i><span style=\"font-weight: 400;\">O Mil\u00e9simo<\/span><\/i><span style=\"font-weight: 400;\">, ocorreu em uma partida contra o Vasco da Gama, quando Pel\u00e9 marcou a partir de um p\u00eanalti, no Est\u00e1dio do Maracan\u00e3<\/span><\/p>\n<p><span style=\"font-weight: 400;\">Alguns anos depois, o jogador se transferiu para o New York Cosmos dos EUA. Ele ficou no clube americano de 1974 a 1977, onde se aposentou dos gramados, em um amistoso contra o Santos.<\/span><\/p>\n<p><b>Sele\u00e7\u00e3o Brasileira\u00a0<\/b><\/p>\n<p><span style=\"font-weight: 400;\">Em 1957, agora com 16 anos de idade, foi convocado pela primeira vez para a Sele\u00e7\u00e3o Brasileira e marcou seu primeiro gol com a camisa amarela. Entretanto, o time saiu derrotado por 2&#215;1 para a Argentina, no Maracan\u00e3.\u00a0<\/span><\/p>\n<p><span style=\"font-weight: 400;\">Em 1958, conquistou seu primeiro t\u00edtulo com o Santos, ao vencer o Campeonato Paulista e terminou a competi\u00e7\u00e3o com 58 gols marcados, recorde que permanece at\u00e9 os dias de hoje. Suas grandes atua\u00e7\u00f5es pelo alvinegro lhe premiaram o que todo jogador brasileiro sonha: jogar uma Copa do Mundo. Pel\u00e9 chegou \u00e0 Su\u00e9cia, pa\u00eds-sede daquela edi\u00e7\u00e3o, com uma les\u00e3o no joelho, mas mesmo assim conseguiu estar em campo ainda na primeira fase. Sua estreia em mundiais foi contra a extinta Uni\u00e3o Sovi\u00e9tica, no qual foi o jogador mais jovem a disputar uma Copa naquele per\u00edodo.<\/span><\/p>\n<p><span style=\"font-weight: 400;\">Sua grande atua\u00e7\u00e3o no torneio foi na semifinal contra a Fran\u00e7a, onde o jovem Pel\u00e9 marcou tr\u00eas gols, selando a vit\u00f3ria do Brasil por 5&#215;2 e consequentemente, avan\u00e7ando para a grande final, contra os donos da casa. Naquela decis\u00e3o, ele balan\u00e7ou a rede em duas ocasi\u00f5es, sendo que um deles, chapelou o zagueiro sueco e marcou um gola\u00e7o. No final das contas, os brasileiros ganharam por 5&#215;2 e foram campe\u00f5es mundiais pela primeira vez.<\/span><\/p>\n<p><span style=\"font-weight: 400;\">Quatro anos depois, em 1962, a Copa do Mundo foi sediada no Chile e o Brasil chegou como um dos favoritos a levantar o caneco. Pel\u00e9 j\u00e1 era considerado melhor jogador do mundo, entretanto, ele s\u00f3 participou do jogo contra o M\u00e9xico, no qual marcou o segundo gol na vit\u00f3ria brasileira por 2&#215;0. Na partida seguinte, diante da extinta Tchecoslov\u00e1quia, ele arriscou um chute de longa dist\u00e2ncia e sofreu uma grave les\u00e3o, o que lhe tiraria do restante da competi\u00e7\u00e3o.<\/span><\/p>\n<p><span style=\"font-weight: 400;\">O at\u00e9 ent\u00e3o t\u00e9cnico Aymor\u00e9 Moreira, teve que convocar o atacante Amarildo, para substituir o camisa 10. O grande protagonista naquela Copa foi Garrincha, que guiou o time brasileiro rumo ao bicampeonato. Na grande decis\u00e3o, venceu a Tchecoslov\u00e1quia por 3&#215;1.<\/span><\/p>\n<p><span style=\"font-weight: 400;\">A edi\u00e7\u00e3o seguinte, em 1966, sediada na Inglaterra, gerou grandes expectativas em torno da Sele\u00e7\u00e3o Brasileira, uma vez que contava em seu elenco nomes como: Pel\u00e9, Garrincha, Tost\u00e3o, G\u00e9rson, Djalma Santos, Jairzinho e Gilmar.\u00a0<\/span><\/p>\n<p><span style=\"font-weight: 400;\">O Brasil come\u00e7ou bem, derrotou a Bulg\u00e1ria na estreia, com direito a gol de falta do pr\u00f3prio Pel\u00e9, que foi alvo de entradas mais fortes dos b\u00falgaros, tornando assim o primeiro jogador a balan\u00e7ar as redes em tr\u00eas Copas seguidas. Entretanto, o camisa 10 se recuperava de les\u00e3o e n\u00e3o esteve em campo diante da Hungria, jogo no qual o Brasil foi derrotado.\u00a0<\/span><\/p>\n<p><span style=\"font-weight: 400;\">Precisando vencer para se classificar, o treinador Vicente Feola teve que escalar Pel\u00e9, mesmo lesionado, para a partida decisiva diante de Portugal do craque Eus\u00e9bio. Assim como ocorreu no jogo contra os b\u00falgaros, o camisa 10 do Brasil novamente sofreu entradas duras dos portugueses. Em uma das jogadas, o zagueiro Jo\u00e3o Morais cometeu falta grav\u00edssima no brasileiro, que teve de ser carregado para fora do gramado. Quanto ao jogador portugu\u00eas, ele sequer foi expulso pelo \u00e1rbitro.<\/span><\/p>\n<p><span style=\"font-weight: 400;\">Sem seu melhor jogador, o Brasil foi eliminado na primeira fase, fazendo at\u00e9 naquele momento, a pior campanha de um atual campe\u00e3o do mundo.<\/span><\/p>\n<p><span style=\"font-weight: 400;\">Quatro anos depois, em 1970, o mundial seria disputado no M\u00e9xico e j\u00e1 esperava-se que aquela edi\u00e7\u00e3o seria a \u00faltima de Pel\u00e9. Para muitos, aquele elenco brasileiro \u00e9 considerado como um dos melhores da hist\u00f3ria. Dentre os convocados, a lista contava tamb\u00e9m com: Rivelino, Jairzinho, G\u00e9rson, Carlos Alberto Torres, Tost\u00e3o e Clodoaldo.\u00a0<\/span><\/p>\n<p><span style=\"font-weight: 400;\">A campanha brasileira naquela Copa foi impec\u00e1vel, ao vencer todos os jogos disputados. Al\u00e9m disso, Pel\u00e9 protagonizou um dos lances mais emblem\u00e1ticos da hist\u00f3ria do futebol, no duelo diante da Tchecoslov\u00e1quia, ele viu o goleiro Ivo Viktor adiantado e arriscou chute do meio de campo. A bola encobriu o advers\u00e1rio e passou a cent\u00edmetros da trave. At\u00e9 hoje, a jogada \u00e9 definida pela m\u00eddia brasileira como &#8220;o gol que Pel\u00e9 n\u00e3o fez&#8221;.<\/span><\/p>\n<p><span style=\"font-weight: 400;\">Outro lance emblem\u00e1tico envolvendo o atacante, foi na partida contra atual campe\u00e3 Inglaterra, no qual ele cabeceou rente a trave defendida por Gordon Banks. Por\u00e9m o ingl\u00eas fez a ent\u00e3o considerada a maior defesa na hist\u00f3ria das Copas.<\/span><\/p>\n<p><span style=\"font-weight: 400;\">Posteriormente, na semifinal contra o Uruguai, novamente o camisa 10 protagonizou uma jogada inesquec\u00edvel. Tost\u00e3o passou a bola para Pel\u00e9 e o goleiro Ladislao Mazurkiewicz, saiu da linha para tentar pegar a bola antes dela chegar ao atacante brasileiro. No entanto, Pel\u00e9 chegou primeiro e enganou o advers\u00e1rio com uma finta por n\u00e3o tocar na bola, fazendo-a rolar para a esquerda do goleiro, enquanto ele foi para a direita. Ele ent\u00e3o correu ao redor do goleiro para recuperar a bola e chutou, entretanto a bola n\u00e3o entrou.<\/span><\/p>\n<p><span style=\"font-weight: 400;\">O Brasil chegou a mais uma final de Copa e enfrentaria a It\u00e1lia, no Est\u00e1dio Azteca na Cidade do M\u00e9xico, diante de um p\u00fablico de 107.412. A Amarelinha venceu por 4&#215;1, com direito a dois gols de Pel\u00e9. O primeiro de cabe\u00e7a e de quebra, foi o cent\u00e9simo gol do Brasil em Copas. Ele voltaria a balan\u00e7ar as redes novamente ao aproveitar passe de Carlos Alberto Torres, para selar o tricampeonato ao Brasil.<\/span><\/p>\n<p><span style=\"font-weight: 400;\">No dia 16 de julho de 1971, Pel\u00e9 fez seu \u00faltimo jogo com a camisa da Sele\u00e7\u00e3o, no amistoso contra a antiga Iugosl\u00e1via no Maracan\u00e3. Ao todo, ele venceu 67 partidas, com 14 empates e 11 derrotas. At\u00e9 hoje, \u00e9 o maior artilheiro da Amarelinha, com 77 gols em 92 jogos oficiais. Al\u00e9m disso, marcou 18 vezes em 22 jogos n\u00e3o oficiais. Isso soma um total n\u00e3o oficial de 114 jogos e 95 gols. Ele tamb\u00e9m marcou 12 gols e \u00e9 creditado com 10 assist\u00eancias em 14 partidas de Copas do Mundo, incluindo 4 gols e 7 assist\u00eancias apenas em 1970<\/span><\/p>\n","protected":false},"excerpt":{"rendered":"<p>Nascido no munic\u00edpio de Tr\u00eas Cora\u00e7\u00f5es em Minas Gerais, no dia 23 de outubro de 1940, Edson Arantes do Nascimento, o \u201cRei Pel\u00e9\u201d, completa nesta sexta-feira (23), 80 anos de idade, com uma hist\u00f3ria de vida repleta de grandes momentos no futebol. Em toda sua carreira futebol\u00edstica, o atleta teve passagens pelo Santos e New [&hellip;]<\/p>\n","protected":false},"author":96,"featured_media":171606,"comment_status":"closed","ping_status":"closed","sticky":false,"template":"","format":"standard","meta":{"footnotes":""},"categories":[436,440,257,439],"tags":[],"class_list":["post-171605","post","type-post","status-publish","format-standard","has-post-thumbnail","hentry","category-destaque-da-semana","category-destaques-do-dia","category-esporte","category-ultima-hora"],"_links":{"self":[{"href":"https:\/\/diarioregionaldigital.com.br\/index.php?rest_route=\/wp\/v2\/posts\/171605","targetHints":{"allow":["GET"]}}],"collection":[{"href":"https:\/\/diarioregionaldigital.com.br\/index.php?rest_route=\/wp\/v2\/posts"}],"about":[{"href":"https:\/\/diarioregionaldigital.com.br\/index.php?rest_route=\/wp\/v2\/types\/post"}],"author":[{"embeddable":true,"href":"https:\/\/diarioregionaldigital.com.br\/index.php?rest_route=\/wp\/v2\/users\/96"}],"replies":[{"embeddable":true,"href":"https:\/\/diarioregionaldigital.com.br\/index.php?rest_route=%2Fwp%2Fv2%2Fcomments&post=171605"}],"version-history":[{"count":0,"href":"https:\/\/diarioregionaldigital.com.br\/index.php?rest_route=\/wp\/v2\/posts\/171605\/revisions"}],"wp:featuredmedia":[{"embeddable":true,"href":"https:\/\/diarioregionaldigital.com.br\/index.php?rest_route=\/wp\/v2\/media\/171606"}],"wp:attachment":[{"href":"https:\/\/diarioregionaldigital.com.br\/index.php?rest_route=%2Fwp%2Fv2%2Fmedia&parent=171605"}],"wp:term":[{"taxonomy":"category","embeddable":true,"href":"https:\/\/diarioregionaldigital.com.br\/index.php?rest_route=%2Fwp%2Fv2%2Fcategories&post=171605"},{"taxonomy":"post_tag","embeddable":true,"href":"https:\/\/diarioregionaldigital.com.br\/index.php?rest_route=%2Fwp%2Fv2%2Ftags&post=171605"}],"curies":[{"name":"wp","href":"https:\/\/api.w.org\/{rel}","templated":true}]}}