{"id":171603,"date":"2020-10-22T21:08:48","date_gmt":"2020-10-23T00:08:48","guid":{"rendered":"https:\/\/diarioregionaldigital.com.br\/?p=171603"},"modified":"2020-10-22T21:08:48","modified_gmt":"2020-10-23T00:08:48","slug":"covid-19-brasil-tem-248-mil-novos-casos-e-mais-497-mortes-em-24h","status":"publish","type":"post","link":"https:\/\/diarioregionaldigital.com.br\/?p=171603","title":{"rendered":"Covid-19: Brasil tem 24,8 mil novos casos e mais 497 mortes em 24h"},"content":{"rendered":"<p>As autoridades de sa\u00fade registraram 24.858 novos casos e mais 497 mortes por covid-19 em 24 horas. Os dados foram coletados pelas secretarias estaduais de sa\u00fade e consolidados no balan\u00e7o di\u00e1rio do Minist\u00e9rio da Sa\u00fade, divulgado na noite desta\u00a0quinta-feira (22).<img decoding=\"async\" src=\"https:\/\/agenciabrasil.ebc.com.br\/ebc.png?id=1391344&amp;o=node\" \/><img decoding=\"async\" src=\"https:\/\/agenciabrasil.ebc.com.br\/ebc.gif?id=1391344&amp;o=node\" \/><\/p>\n<p>Com o acr\u00e9scimo, o pa\u00eds chegou a 155.900 mortes causadas pelo\u00a0novo coronav\u00edrus.\u00a0Ontem, a contabilidade das autoridades de sa\u00fade marcava 155.403 \u00f3bitos por causa da covid-19. Ainda h\u00e1 2.408 falecimentos em investiga\u00e7\u00e3o.<\/p>\n<p>O n\u00famero de casos desde o in\u00edcio da pandemia\u00a0atingiu 5.323.630. At\u00e9\u00a0ontem, o sistema do Minist\u00e9rio da Sa\u00fade trazia 5.298.772 casos acumulados da doen\u00e7a.<\/p>\n<p>Atualmente,\u00a0388.435 pacientes est\u00e3o em acompanhamento. De acordo com o Minist\u00e9rio da Sa\u00fade,\u00a04.779.295 pessoas j\u00e1 se recuperaram da doen\u00e7a. Isso corresponde a 89,8% do total de brasileiros infectados.<\/p>\n<h2>Covid-19 nos Estados<\/h2>\n<p>Balan\u00e7o &#8211; divulgado hoje\u00a0(22) pela Secretaria estadual da Sa\u00fade\u00a0&#8211; aponta que o estado de S\u00e3o Paulo tem, at\u00e9 este momento, 1.076.939 casos confirmados do novo coronav\u00edrus, com 38.482 mortes. Do total de casos diagnosticados, 965.420 pessoas j\u00e1 est\u00e3o recuperadas.<\/p>\n<p>O total de pessoas internadas no estado atualmente, em casos suspeitos ou confirmados de covid-19,\u00a0\u00e9 de 7.185. Desse total, 3.165 pessoas est\u00e3o internadas em estado grave. A taxa de ocupa\u00e7\u00e3o de leitos de unidades de terapia intensiva (UTI) \u00e9 de 40,1% no estado e de 40,2% na Grande S\u00e3o Paulo.<\/p>\n<p>Por causa da queda na taxa de ocupa\u00e7\u00e3o de leitos de UTI no estado, a Central de Transplantes de S\u00e3o Paulo autorizou\u00a0ontem\u00a0(21) a retomada das cirurgias eletivas de c\u00f3rnea no estado,\u00a0estabelecendo protocolos de seguran\u00e7a e de preven\u00e7\u00e3o \u00e0 covid-19.\u00a0Hoje, 3.583 pessoas est\u00e3o \u00e0 espera de c\u00f3rneas.<\/p>\n<p>Depois de S\u00e3o Paulo, os estados com mais mortes provocadas pelo novo coronav\u00edrus\u00a0s\u00e3o Rio\u00a0de Janeiro\u00a0(20.021), Cear\u00e1 (9.243), Minas Gerais (8.621) e Pernambuco (8.527). As Unidades da Federa\u00e7\u00e3o com menos casos s\u00e3o Acre (685), Roraima (690), Amap\u00e1 (738), Tocantins (1.072) e Mato Grosso do Sul (1.524).<\/p>\n<p><strong>Fonte:\u00a0<\/strong>Ag\u00eancia Brasil<\/p>\n","protected":false},"excerpt":{"rendered":"<p>As autoridades de sa\u00fade registraram 24.858 novos casos e mais 497 mortes por covid-19 em 24 horas. Os dados foram coletados pelas secretarias estaduais de sa\u00fade e consolidados no balan\u00e7o di\u00e1rio do Minist\u00e9rio da Sa\u00fade, divulgado na noite desta\u00a0quinta-feira (22). Com o acr\u00e9scimo, o pa\u00eds chegou a 155.900 mortes causadas pelo\u00a0novo coronav\u00edrus.\u00a0Ontem, a contabilidade das [&hellip;]<\/p>\n","protected":false},"author":96,"featured_media":159081,"comment_status":"closed","ping_status":"closed","sticky":false,"template":"","format":"standard","meta":{"footnotes":""},"categories":[302,436,439],"tags":[],"class_list":["post-171603","post","type-post","status-publish","format-standard","has-post-thumbnail","hentry","category-brasil-mundo","category-destaque-da-semana","category-ultima-hora"],"_links":{"self":[{"href":"https:\/\/diarioregionaldigital.com.br\/index.php?rest_route=\/wp\/v2\/posts\/171603","targetHints":{"allow":["GET"]}}],"collection":[{"href":"https:\/\/diarioregionaldigital.com.br\/index.php?rest_route=\/wp\/v2\/posts"}],"about":[{"href":"https:\/\/diarioregionaldigital.com.br\/index.php?rest_route=\/wp\/v2\/types\/post"}],"author":[{"embeddable":true,"href":"https:\/\/diarioregionaldigital.com.br\/index.php?rest_route=\/wp\/v2\/users\/96"}],"replies":[{"embeddable":true,"href":"https:\/\/diarioregionaldigital.com.br\/index.php?rest_route=%2Fwp%2Fv2%2Fcomments&post=171603"}],"version-history":[{"count":0,"href":"https:\/\/diarioregionaldigital.com.br\/index.php?rest_route=\/wp\/v2\/posts\/171603\/revisions"}],"wp:featuredmedia":[{"embeddable":true,"href":"https:\/\/diarioregionaldigital.com.br\/index.php?rest_route=\/wp\/v2\/media\/159081"}],"wp:attachment":[{"href":"https:\/\/diarioregionaldigital.com.br\/index.php?rest_route=%2Fwp%2Fv2%2Fmedia&parent=171603"}],"wp:term":[{"taxonomy":"category","embeddable":true,"href":"https:\/\/diarioregionaldigital.com.br\/index.php?rest_route=%2Fwp%2Fv2%2Fcategories&post=171603"},{"taxonomy":"post_tag","embeddable":true,"href":"https:\/\/diarioregionaldigital.com.br\/index.php?rest_route=%2Fwp%2Fv2%2Ftags&post=171603"}],"curies":[{"name":"wp","href":"https:\/\/api.w.org\/{rel}","templated":true}]}}