{"id":171601,"date":"2020-10-22T18:59:45","date_gmt":"2020-10-22T21:59:45","guid":{"rendered":"https:\/\/diarioregionaldigital.com.br\/?p=171601"},"modified":"2020-10-22T18:59:45","modified_gmt":"2020-10-22T21:59:45","slug":"gaeco-deflagra-operacao-na-zona-da-mata-mineira-e-prende-agentes-publicos-por-possiveis-desvios-de-recursos-destinados-ao-combate-a-covid-19","status":"publish","type":"post","link":"https:\/\/diarioregionaldigital.com.br\/?p=171601","title":{"rendered":"Gaeco deflagra opera\u00e7\u00e3o na Zona da Mata mineira e prende agentes p\u00fablicos por poss\u00edveis desvios de recursos destinados ao combate \u00e0 Covid-19"},"content":{"rendered":"<p>O Minist\u00e9rio P\u00fablico de Minas Gerais (MPMG), por meio do Grupo de Atua\u00e7\u00e3o Especial de Combate ao Crime Organizado (Gaeco-Regional Zona da Mata) e da Promotoria de Justi\u00e7a de Defesa do Patrim\u00f4nio P\u00fablico, e em conjunto com as Pol\u00edcias Civil e Militar de Minas Gerais (PMMG), deflagrou na manh\u00e3 desta quinta-feira, 22 de outubro, a Opera\u00e7\u00e3o \u201cPersona\u201d, com o objetivo de\u00a0apurar desvios de verbas p\u00fablicas, corrup\u00e7\u00e3o, peculato, fraude \u00e0 licita\u00e7\u00e3o e associa\u00e7\u00e3o criminosa, dentre outros delitos.<\/p>\n<p>As investiga\u00e7\u00f5es mostram que os investigados v\u00eam, supostamente, aproveitando-se do cen\u00e1rio gerado pela pandemia do Coronav\u00edrus (Covid-19), para adquirir m\u00e1scaras em um contexto simulado, com s\u00e9rios ind\u00edcios de desvio de verba p\u00fablica superior a R$150 mil.<\/p>\n<p>Em a\u00e7\u00f5es realizadas em Juiz de Fora, Pira\u00faba e Guiricema &#8211; cidades da Zona da Mata Mineira, foram cumpridos dois mandados de pris\u00e3o tempor\u00e1ria e nove mandados de busca e apreens\u00e3o.<\/p>\n<p>Durante as dilig\u00eancias, foram apreendidos cerca de R$43.500,00 na resid\u00eancia de um dos investigados, al\u00e9m de aparelhos celulares, computadores e documentos. As investiga\u00e7\u00f5es prosseguem no \u00e2mbito do MPMG, visando apurar os poss\u00edveis crimes praticados pelos envolvidos, al\u00e9m do envolvimento de terceiros.<\/p>\n<p>A dispensa de licita\u00e7\u00e3o, autorizada pelo legislador nos casos de calamidade p\u00fablica, deve observar rigorosamente a moralidade administrativa, n\u00e3o deixando margem para favorecimento de qualquer natureza, conforme pontuou o promotor de Justi\u00e7a do Gaeco, Breno Costa da Silva Coelho.<\/p>\n<p>A opera\u00e7\u00e3o desta quinta-feira contou com o apoio da tropa especializada da PMMG (4\u00aa Cia Ind PE). Participaram tamb\u00e9m promotores de Justi\u00e7a, policiais civis e militares, um perito criminal e servidores do MPMG.<\/p>\n<p><strong>Fonte:\u00a0<\/strong>Assessoria<\/p>\n","protected":false},"excerpt":{"rendered":"<p>O Minist\u00e9rio P\u00fablico de Minas Gerais (MPMG), por meio do Grupo de Atua\u00e7\u00e3o Especial de Combate ao Crime Organizado (Gaeco-Regional Zona da Mata) e da Promotoria de Justi\u00e7a de Defesa do Patrim\u00f4nio P\u00fablico, e em conjunto com as Pol\u00edcias Civil e Militar de Minas Gerais (PMMG), deflagrou na manh\u00e3 desta quinta-feira, 22 de outubro, a [&hellip;]<\/p>\n","protected":false},"author":96,"featured_media":92812,"comment_status":"closed","ping_status":"closed","sticky":false,"template":"","format":"standard","meta":{"footnotes":""},"categories":[436,252,439],"tags":[],"class_list":["post-171601","post","type-post","status-publish","format-standard","has-post-thumbnail","hentry","category-destaque-da-semana","category-regiao","category-ultima-hora"],"_links":{"self":[{"href":"https:\/\/diarioregionaldigital.com.br\/index.php?rest_route=\/wp\/v2\/posts\/171601","targetHints":{"allow":["GET"]}}],"collection":[{"href":"https:\/\/diarioregionaldigital.com.br\/index.php?rest_route=\/wp\/v2\/posts"}],"about":[{"href":"https:\/\/diarioregionaldigital.com.br\/index.php?rest_route=\/wp\/v2\/types\/post"}],"author":[{"embeddable":true,"href":"https:\/\/diarioregionaldigital.com.br\/index.php?rest_route=\/wp\/v2\/users\/96"}],"replies":[{"embeddable":true,"href":"https:\/\/diarioregionaldigital.com.br\/index.php?rest_route=%2Fwp%2Fv2%2Fcomments&post=171601"}],"version-history":[{"count":0,"href":"https:\/\/diarioregionaldigital.com.br\/index.php?rest_route=\/wp\/v2\/posts\/171601\/revisions"}],"wp:featuredmedia":[{"embeddable":true,"href":"https:\/\/diarioregionaldigital.com.br\/index.php?rest_route=\/wp\/v2\/media\/92812"}],"wp:attachment":[{"href":"https:\/\/diarioregionaldigital.com.br\/index.php?rest_route=%2Fwp%2Fv2%2Fmedia&parent=171601"}],"wp:term":[{"taxonomy":"category","embeddable":true,"href":"https:\/\/diarioregionaldigital.com.br\/index.php?rest_route=%2Fwp%2Fv2%2Fcategories&post=171601"},{"taxonomy":"post_tag","embeddable":true,"href":"https:\/\/diarioregionaldigital.com.br\/index.php?rest_route=%2Fwp%2Fv2%2Ftags&post=171601"}],"curies":[{"name":"wp","href":"https:\/\/api.w.org\/{rel}","templated":true}]}}