{"id":171599,"date":"2020-10-22T18:57:50","date_gmt":"2020-10-22T21:57:50","guid":{"rendered":"https:\/\/diarioregionaldigital.com.br\/?p=171599"},"modified":"2020-10-22T18:57:50","modified_gmt":"2020-10-22T21:57:50","slug":"settra-altera-quadro-de-horario-de-duas-linhas","status":"publish","type":"post","link":"https:\/\/diarioregionaldigital.com.br\/?p=171599","title":{"rendered":"Settra altera quadro de hor\u00e1rio de duas linhas"},"content":{"rendered":"<p>A Secretaria de Transportes e Tr\u00e2nsito (Settra) da Prefeitura de Juiz de Fora (PJF) vai alterar, a partir da pr\u00f3xima segunda-feira, 26, o quadro de hor\u00e1rios de duas linhas. As mudan\u00e7as ser\u00e3o por tempo indeterminado e t\u00eam como objetivo otimizar o tempo das viagens e prevenir contra a Covid-19.<\/p>\n<p>As altera\u00e7\u00f5es a serem feitas s\u00e3o as seguintes: na linha 706-Cidade do Sol, as altera\u00e7\u00f5es s\u00e3o nos hor\u00e1rios de s\u00e1bado. J\u00e1 na linha 715-Vila Esperan\u00e7a, haver\u00e1 mudan\u00e7as nos dias \u00fateis e s\u00e1bados.<\/p>\n<p>As altera\u00e7\u00f5es, podem ser conferidas no site da Prefeitura (<a href=\"https:\/\/www.pjf.mg.gov.br\/onibus\/itinerario\/index.php\">pjf.mg.gov.br\/onibus\/itinerario\/index.php<\/a>).<\/p>\n<p><strong>Fonte:\u00a0<\/strong>Assessoria<\/p>\n","protected":false},"excerpt":{"rendered":"<p>A Secretaria de Transportes e Tr\u00e2nsito (Settra) da Prefeitura de Juiz de Fora (PJF) vai alterar, a partir da pr\u00f3xima segunda-feira, 26, o quadro de hor\u00e1rios de duas linhas. As mudan\u00e7as ser\u00e3o por tempo indeterminado e t\u00eam como objetivo otimizar o tempo das viagens e prevenir contra a Covid-19. As altera\u00e7\u00f5es a serem feitas s\u00e3o [&hellip;]<\/p>\n","protected":false},"author":96,"featured_media":171462,"comment_status":"closed","ping_status":"closed","sticky":false,"template":"","format":"standard","meta":{"footnotes":""},"categories":[253,436,439],"tags":[],"class_list":["post-171599","post","type-post","status-publish","format-standard","has-post-thumbnail","hentry","category-cidade","category-destaque-da-semana","category-ultima-hora"],"_links":{"self":[{"href":"https:\/\/diarioregionaldigital.com.br\/index.php?rest_route=\/wp\/v2\/posts\/171599","targetHints":{"allow":["GET"]}}],"collection":[{"href":"https:\/\/diarioregionaldigital.com.br\/index.php?rest_route=\/wp\/v2\/posts"}],"about":[{"href":"https:\/\/diarioregionaldigital.com.br\/index.php?rest_route=\/wp\/v2\/types\/post"}],"author":[{"embeddable":true,"href":"https:\/\/diarioregionaldigital.com.br\/index.php?rest_route=\/wp\/v2\/users\/96"}],"replies":[{"embeddable":true,"href":"https:\/\/diarioregionaldigital.com.br\/index.php?rest_route=%2Fwp%2Fv2%2Fcomments&post=171599"}],"version-history":[{"count":0,"href":"https:\/\/diarioregionaldigital.com.br\/index.php?rest_route=\/wp\/v2\/posts\/171599\/revisions"}],"wp:featuredmedia":[{"embeddable":true,"href":"https:\/\/diarioregionaldigital.com.br\/index.php?rest_route=\/wp\/v2\/media\/171462"}],"wp:attachment":[{"href":"https:\/\/diarioregionaldigital.com.br\/index.php?rest_route=%2Fwp%2Fv2%2Fmedia&parent=171599"}],"wp:term":[{"taxonomy":"category","embeddable":true,"href":"https:\/\/diarioregionaldigital.com.br\/index.php?rest_route=%2Fwp%2Fv2%2Fcategories&post=171599"},{"taxonomy":"post_tag","embeddable":true,"href":"https:\/\/diarioregionaldigital.com.br\/index.php?rest_route=%2Fwp%2Fv2%2Ftags&post=171599"}],"curies":[{"name":"wp","href":"https:\/\/api.w.org\/{rel}","templated":true}]}}