{"id":171593,"date":"2020-10-22T18:55:05","date_gmt":"2020-10-22T21:55:05","guid":{"rendered":"https:\/\/diarioregionaldigital.com.br\/?p=171593"},"modified":"2020-10-22T18:55:05","modified_gmt":"2020-10-22T21:55:05","slug":"pjf-abre-inscricoes-para-contratacao-de-medico-clinico-geral","status":"publish","type":"post","link":"https:\/\/diarioregionaldigital.com.br\/?p=171593","title":{"rendered":"PJF abre inscri\u00e7\u00f5es para contrata\u00e7\u00e3o de m\u00e9dico cl\u00ednico geral"},"content":{"rendered":"<p>Est\u00e3o abertas as inscri\u00e7\u00f5es para o processo seletivo simplificado da Prefeitura de Juiz de Fora (PJF), visando contrata\u00e7\u00e3o tempor\u00e1ria de m\u00e9dico cl\u00ednico geral para atua\u00e7\u00e3o cl\u00ednica (Edital n\u00ba 425 \/ SARH \u2013 Secretaria de Administra\u00e7\u00e3o e Recursos Humanos). Elas poder\u00e3o ser feitas at\u00e9 as 23h59 de ter\u00e7a-feira, 27, exclusivamente pelo site da PJF. Para participar \u00e9 necess\u00e1rio ter curso superior completo de medicina e registro no conselho regional da categoria.<\/p>\n<p>Os t\u00edtulos declarados pelos candidatos devem ser digitalizados e encaminhados exclusivamente para o endere\u00e7o eletr\u00f4nico\/e-mail selecao@pjf.mg.gov.br, durante todo o per\u00edodo de inscri\u00e7\u00e3o. Os candidatos dever\u00e3o enviar a documenta\u00e7\u00e3o referente aos t\u00edtulos e \u00e0 c\u00f3pia do documento de identidade.<\/p>\n<p>Os candidatos devem tamb\u00e9m ficar atentos \u00e0s diretrizes estabelecidas no edital, em fun\u00e7\u00e3o das normas do Decreto Municipal n\u00ba 13.975. Considerando a natureza espec\u00edfica da fun\u00e7\u00e3o tempor\u00e1ria a ser exercida e o excepcional interesse p\u00fablico de que se reveste esta contrata\u00e7\u00e3o, os inscritos devem enviar tamb\u00e9m, por e-mail, uma declara\u00e7\u00e3o informando n\u00e3o possuir 60 anos ou mais, n\u00e3o ser portador de imunodefici\u00eancia, ou doen\u00e7as preexistentes cr\u00f4nicas ou graves, e n\u00e3o ser respons\u00e1vel pelo cuidado de uma ou mais pessoas com suspeita ou confirma\u00e7\u00e3o de diagn\u00f3stico de infec\u00e7\u00e3o por covid-19, que habitem a mesma resid\u00eancia, al\u00e9m de n\u00e3o ser gestante.<\/p>\n<p>O edital completo e o link para inscri\u00e7\u00e3o podem ser conferidos no link:\u00a0<a href=\"https:\/\/www.pjf.mg.gov.br\/secretarias\/sarh\/edital\/temporario\/425\/index.php\">pjf.mg.gov.br\/\/sarh\/edital\/temporario\/425<\/a>.<\/p>\n<p><strong>Fonte:\u00a0<\/strong>Assessoria<\/p>\n","protected":false},"excerpt":{"rendered":"<p>Est\u00e3o abertas as inscri\u00e7\u00f5es para o processo seletivo simplificado da Prefeitura de Juiz de Fora (PJF), visando contrata\u00e7\u00e3o tempor\u00e1ria de m\u00e9dico cl\u00ednico geral para atua\u00e7\u00e3o cl\u00ednica (Edital n\u00ba 425 \/ SARH \u2013 Secretaria de Administra\u00e7\u00e3o e Recursos Humanos). Elas poder\u00e3o ser feitas at\u00e9 as 23h59 de ter\u00e7a-feira, 27, exclusivamente pelo site da PJF. Para participar [&hellip;]<\/p>\n","protected":false},"author":96,"featured_media":171594,"comment_status":"closed","ping_status":"closed","sticky":false,"template":"","format":"standard","meta":{"footnotes":""},"categories":[436,254,439],"tags":[],"class_list":["post-171593","post","type-post","status-publish","format-standard","has-post-thumbnail","hentry","category-destaque-da-semana","category-politica","category-ultima-hora"],"_links":{"self":[{"href":"https:\/\/diarioregionaldigital.com.br\/index.php?rest_route=\/wp\/v2\/posts\/171593","targetHints":{"allow":["GET"]}}],"collection":[{"href":"https:\/\/diarioregionaldigital.com.br\/index.php?rest_route=\/wp\/v2\/posts"}],"about":[{"href":"https:\/\/diarioregionaldigital.com.br\/index.php?rest_route=\/wp\/v2\/types\/post"}],"author":[{"embeddable":true,"href":"https:\/\/diarioregionaldigital.com.br\/index.php?rest_route=\/wp\/v2\/users\/96"}],"replies":[{"embeddable":true,"href":"https:\/\/diarioregionaldigital.com.br\/index.php?rest_route=%2Fwp%2Fv2%2Fcomments&post=171593"}],"version-history":[{"count":0,"href":"https:\/\/diarioregionaldigital.com.br\/index.php?rest_route=\/wp\/v2\/posts\/171593\/revisions"}],"wp:featuredmedia":[{"embeddable":true,"href":"https:\/\/diarioregionaldigital.com.br\/index.php?rest_route=\/wp\/v2\/media\/171594"}],"wp:attachment":[{"href":"https:\/\/diarioregionaldigital.com.br\/index.php?rest_route=%2Fwp%2Fv2%2Fmedia&parent=171593"}],"wp:term":[{"taxonomy":"category","embeddable":true,"href":"https:\/\/diarioregionaldigital.com.br\/index.php?rest_route=%2Fwp%2Fv2%2Fcategories&post=171593"},{"taxonomy":"post_tag","embeddable":true,"href":"https:\/\/diarioregionaldigital.com.br\/index.php?rest_route=%2Fwp%2Fv2%2Ftags&post=171593"}],"curies":[{"name":"wp","href":"https:\/\/api.w.org\/{rel}","templated":true}]}}