{"id":171590,"date":"2020-10-22T18:53:55","date_gmt":"2020-10-22T21:53:55","guid":{"rendered":"https:\/\/diarioregionaldigital.com.br\/?p=171590"},"modified":"2020-10-22T18:53:55","modified_gmt":"2020-10-22T21:53:55","slug":"pjf-deposita-quinta-parcela-do-vale-alimentacao-nesta-quinta-feira","status":"publish","type":"post","link":"https:\/\/diarioregionaldigital.com.br\/?p=171590","title":{"rendered":"PJF deposita quinta parcela do Vale-Alimenta\u00e7\u00e3o nesta quinta-feira"},"content":{"rendered":"<div id=\"box_texto_noticia\">A Secretaria de Educa\u00e7\u00e3o (SE) da Prefeitura de Juiz de Fora (PJF) alerta aos pais ou respons\u00e1veis pelos alunos, com rela\u00e7\u00e3o \u00e0 continuidade do recebimento do Cart\u00e3o Vale-Alimenta\u00e7\u00e3o. Nesta quinta-feira, 22, foi liberada a 5\u00aa parcela do benef\u00edcio para as fam\u00edlias que prestaram contas da 4\u00aa parcela no prazo regular de 15 dias.<\/p>\n<p>Os benefici\u00e1rios que realizarem a presta\u00e7\u00e3o de suas contas at\u00e9 o dia 30 de novembro, referentes a 4\u00aa parcela, poder\u00e3o ter seus cr\u00e9ditos depositados de forma tardia. A SE lembra que a 6\u00aa e \u00faltima parcela no valor de R$ 50 (per capita) ser\u00e1 paga no in\u00edcio do m\u00eas de novembro. O prazo a partir de agora \u00e9 mais estreito j\u00e1 que o encerramento ocorrer\u00e1 at\u00e9 o final da primeira quinzena do pr\u00f3ximo m\u00eas.<\/p>\n<p><b>Presta\u00e7\u00e3o de Contas<\/b><\/p>\n<p>Todos os benefici\u00e1rios devem ficar atentos \u00e0s presta\u00e7\u00f5es de contas dos produtos adquiridos com o cart\u00e3o. Inclusive a \u00faltima parcela dever\u00e1 ter a presta\u00e7\u00e3o feita corretamente para a finaliza\u00e7\u00e3o do programa.<\/p>\n<p>De acordo com a Portaria Conjunta n\u00ba 4.204 \u2013 SE\/Sedeta (Secretaria de Desenvolvimento Econ\u00f4mico, Turismo e Agropecu\u00e1ria), divulgada em 1\u00ba de agosto, ficou determinado que a presta\u00e7\u00e3o de contas dever\u00e1 ser efetuada, impreterivelmente, no prazo de 15 dias corridos, a contar da data da libera\u00e7\u00e3o dos respectivos cr\u00e9ditos.<\/p>\n<p>Como o \u201cPrograma Municipal de Distribui\u00e7\u00e3o de G\u00eaneros Aliment\u00edcios\u201d, que se iniciou maio, entrou em sua fase conclusiva, a SE chama a aten\u00e7\u00e3o para que as fam\u00edlias fa\u00e7am a presta\u00e7\u00e3o de contas assim que receberem os cr\u00e9ditos nos cart\u00f5es. Desta forma, n\u00e3o correr\u00e3o o risco de suspens\u00e3o do benef\u00edcio. A presta\u00e7\u00e3o de contas dever\u00e1 ser feita atrav\u00e9s do endere\u00e7o\u00a0<a href=\"https:\/\/jf.e-beneficio.com\/\">jf.e-beneficio.com<\/a>, com c\u00f3pia da nota fiscal, constando no documento o Cadastro de Pessoa F\u00edsica (CPF) do portador do cart\u00e3o. No caso de impossibilidade de utiliza\u00e7\u00e3o desta plataforma, observado o prazo, a presta\u00e7\u00e3o de contas poder\u00e1 ocorrer presencialmente, na sede da SE, na Avenida Get\u00falio Vargas, 200, Centro, entre 12 e 17 horas, nos dias \u00fateis.<\/div>\n<div><\/div>\n<div><strong>Fonte:\u00a0<\/strong>Assessoria<\/div>\n<p>&nbsp;<\/p>\n<div id=\"box_compartilhar\" align=\"right\"><\/div>\n","protected":false},"excerpt":{"rendered":"<p>A Secretaria de Educa\u00e7\u00e3o (SE) da Prefeitura de Juiz de Fora (PJF) alerta aos pais ou respons\u00e1veis pelos alunos, com rela\u00e7\u00e3o \u00e0 continuidade do recebimento do Cart\u00e3o Vale-Alimenta\u00e7\u00e3o. Nesta quinta-feira, 22, foi liberada a 5\u00aa parcela do benef\u00edcio para as fam\u00edlias que prestaram contas da 4\u00aa parcela no prazo regular de 15 dias. Os benefici\u00e1rios [&hellip;]<\/p>\n","protected":false},"author":96,"featured_media":171591,"comment_status":"closed","ping_status":"closed","sticky":false,"template":"","format":"standard","meta":{"footnotes":""},"categories":[436,254,439],"tags":[],"class_list":["post-171590","post","type-post","status-publish","format-standard","has-post-thumbnail","hentry","category-destaque-da-semana","category-politica","category-ultima-hora"],"_links":{"self":[{"href":"https:\/\/diarioregionaldigital.com.br\/index.php?rest_route=\/wp\/v2\/posts\/171590","targetHints":{"allow":["GET"]}}],"collection":[{"href":"https:\/\/diarioregionaldigital.com.br\/index.php?rest_route=\/wp\/v2\/posts"}],"about":[{"href":"https:\/\/diarioregionaldigital.com.br\/index.php?rest_route=\/wp\/v2\/types\/post"}],"author":[{"embeddable":true,"href":"https:\/\/diarioregionaldigital.com.br\/index.php?rest_route=\/wp\/v2\/users\/96"}],"replies":[{"embeddable":true,"href":"https:\/\/diarioregionaldigital.com.br\/index.php?rest_route=%2Fwp%2Fv2%2Fcomments&post=171590"}],"version-history":[{"count":0,"href":"https:\/\/diarioregionaldigital.com.br\/index.php?rest_route=\/wp\/v2\/posts\/171590\/revisions"}],"wp:featuredmedia":[{"embeddable":true,"href":"https:\/\/diarioregionaldigital.com.br\/index.php?rest_route=\/wp\/v2\/media\/171591"}],"wp:attachment":[{"href":"https:\/\/diarioregionaldigital.com.br\/index.php?rest_route=%2Fwp%2Fv2%2Fmedia&parent=171590"}],"wp:term":[{"taxonomy":"category","embeddable":true,"href":"https:\/\/diarioregionaldigital.com.br\/index.php?rest_route=%2Fwp%2Fv2%2Fcategories&post=171590"},{"taxonomy":"post_tag","embeddable":true,"href":"https:\/\/diarioregionaldigital.com.br\/index.php?rest_route=%2Fwp%2Fv2%2Ftags&post=171590"}],"curies":[{"name":"wp","href":"https:\/\/api.w.org\/{rel}","templated":true}]}}