{"id":171587,"date":"2020-10-22T18:52:22","date_gmt":"2020-10-22T21:52:22","guid":{"rendered":"https:\/\/diarioregionaldigital.com.br\/?p=171587"},"modified":"2020-10-22T18:52:22","modified_gmt":"2020-10-22T21:52:22","slug":"prefeitura-instala-nova-iluminacao-a-led-em-praca-no-sao-mateus","status":"publish","type":"post","link":"https:\/\/diarioregionaldigital.com.br\/?p=171587","title":{"rendered":"Prefeitura instala nova ilumina\u00e7\u00e3o a LED em pra\u00e7a no S\u00e3o Mateus"},"content":{"rendered":"<p>O setor el\u00e9trico da Prefeitura de Juiz de Fora (PJF) concluiu nesta quarta-feira, 21, a instala\u00e7\u00e3o da nova ilumina\u00e7\u00e3o a LED na Pra\u00e7a Jarbas de Lery Santos, no Bairro S\u00e3o Mateus. Foram substitu\u00eddas as 23 lumin\u00e1rias do espa\u00e7o p\u00fablico, que antes eram equipadas com l\u00e2mpadas a vapor de s\u00f3dio de 250W e passaram a ser de LED 100W. Com a mudan\u00e7a, a pra\u00e7a ganha aumento no fluxo luminoso e redu\u00e7\u00e3o no consumo de energia superior a 60%. O investimento para a execu\u00e7\u00e3o desta obra foi de R$ 26,7 mil, recursos obtidos atrav\u00e9s da Contribui\u00e7\u00e3o para o Custeio do Sistema de Ilumina\u00e7\u00e3o P\u00fablica (CCSIP).<\/p>\n<p>\u201cHaver\u00e1 uma consider\u00e1vel redu\u00e7\u00e3o no consumo de energia pago pela prefeitura, mensalmente, para iluminarmos aquele equipamento p\u00fablico. Com isto, poderemos aplicar recursos para adquirir mais lumin\u00e1rias e fecharmos a melhoria da ilumina\u00e7\u00e3o nas pra\u00e7as da cidade&#8221;, afirmou o engenheiro Wilson Ferrareze, chefe do Setor El\u00e9trico e de Ilumina\u00e7\u00e3o da PJF.<\/p>\n<p><b>Ilumina\u00e7\u00e3o de vias p\u00fablicas<\/b><\/p>\n<p>O primeiro lote, de cinco mil lumin\u00e1rias, para ilumina\u00e7\u00e3o das vias p\u00fablicas, foi licitado e os equipamentos da empresa vencedora j\u00e1 est\u00e3o em fase de testes. A licita\u00e7\u00e3o para a contrata\u00e7\u00e3o da empresa que vai executar as obras de extens\u00e3o da rede de distribui\u00e7\u00e3o de energia el\u00e9trica, de ilumina\u00e7\u00e3o p\u00fablica e a instala\u00e7\u00e3o das lumin\u00e1rias LED encontra-se na Comiss\u00e3o Permanente de Licita\u00e7\u00e3o (CPL). Terminado este processo, a implanta\u00e7\u00e3o ser\u00e1 iniciada.<\/p>\n<p>Todas as lumin\u00e1rias instaladas nas ruas de Juiz de Fora estar\u00e3o aptas a receber o sistema de telegest\u00e3o, que permitir\u00e1, dentre outras coisas, o controle remoto das lumin\u00e1rias, identifica\u00e7\u00e3o imediata das ocorr\u00eancias, economia no consumo de energia e redu\u00e7\u00e3o de custos operacionais. Os trabalhos preparam o munic\u00edpio para se adequar ao modelo \u201csmart cities\u201d ou cidades inteligentes.<\/p>\n<p><b>Como solicitar manuten\u00e7\u00e3o de ilumina\u00e7\u00e3o p\u00fablica<\/b><\/p>\n<p>Qualquer solicita\u00e7\u00e3o de reparo ou melhoria pode ser feita pelo aplicativo Colab, atrav\u00e9s do telefone 3218-3777 ou pelo whatsapp 98460-7721 (neste canal n\u00e3o h\u00e1 intera\u00e7\u00e3o. \u00c9 enviada resposta autom\u00e1tica, assim que o pedido for cadastrado). S\u00f3 \u00e9 preciso fazer o pedido uma vez em um dos canais, informando o n\u00famero da placa amarela afixada no bra\u00e7o de luz do poste ou o nome da rua, n\u00famero de refer\u00eancia e bairro.<\/p>\n<p><strong>Fonte:<\/strong> Assessoria<\/p>\n","protected":false},"excerpt":{"rendered":"<p>O setor el\u00e9trico da Prefeitura de Juiz de Fora (PJF) concluiu nesta quarta-feira, 21, a instala\u00e7\u00e3o da nova ilumina\u00e7\u00e3o a LED na Pra\u00e7a Jarbas de Lery Santos, no Bairro S\u00e3o Mateus. Foram substitu\u00eddas as 23 lumin\u00e1rias do espa\u00e7o p\u00fablico, que antes eram equipadas com l\u00e2mpadas a vapor de s\u00f3dio de 250W e passaram a ser [&hellip;]<\/p>\n","protected":false},"author":96,"featured_media":171588,"comment_status":"closed","ping_status":"closed","sticky":false,"template":"","format":"standard","meta":{"footnotes":""},"categories":[253,436,439],"tags":[],"class_list":["post-171587","post","type-post","status-publish","format-standard","has-post-thumbnail","hentry","category-cidade","category-destaque-da-semana","category-ultima-hora"],"_links":{"self":[{"href":"https:\/\/diarioregionaldigital.com.br\/index.php?rest_route=\/wp\/v2\/posts\/171587","targetHints":{"allow":["GET"]}}],"collection":[{"href":"https:\/\/diarioregionaldigital.com.br\/index.php?rest_route=\/wp\/v2\/posts"}],"about":[{"href":"https:\/\/diarioregionaldigital.com.br\/index.php?rest_route=\/wp\/v2\/types\/post"}],"author":[{"embeddable":true,"href":"https:\/\/diarioregionaldigital.com.br\/index.php?rest_route=\/wp\/v2\/users\/96"}],"replies":[{"embeddable":true,"href":"https:\/\/diarioregionaldigital.com.br\/index.php?rest_route=%2Fwp%2Fv2%2Fcomments&post=171587"}],"version-history":[{"count":0,"href":"https:\/\/diarioregionaldigital.com.br\/index.php?rest_route=\/wp\/v2\/posts\/171587\/revisions"}],"wp:featuredmedia":[{"embeddable":true,"href":"https:\/\/diarioregionaldigital.com.br\/index.php?rest_route=\/wp\/v2\/media\/171588"}],"wp:attachment":[{"href":"https:\/\/diarioregionaldigital.com.br\/index.php?rest_route=%2Fwp%2Fv2%2Fmedia&parent=171587"}],"wp:term":[{"taxonomy":"category","embeddable":true,"href":"https:\/\/diarioregionaldigital.com.br\/index.php?rest_route=%2Fwp%2Fv2%2Fcategories&post=171587"},{"taxonomy":"post_tag","embeddable":true,"href":"https:\/\/diarioregionaldigital.com.br\/index.php?rest_route=%2Fwp%2Fv2%2Ftags&post=171587"}],"curies":[{"name":"wp","href":"https:\/\/api.w.org\/{rel}","templated":true}]}}