{"id":171584,"date":"2020-10-22T18:38:52","date_gmt":"2020-10-22T21:38:52","guid":{"rendered":"https:\/\/diarioregionaldigital.com.br\/?p=171584"},"modified":"2020-10-22T18:38:52","modified_gmt":"2020-10-22T21:38:52","slug":"campanha-de-vacinacao-antirrabica-acontece-na-zona-urbana-de-jf-neste-sabado","status":"publish","type":"post","link":"https:\/\/diarioregionaldigital.com.br\/?p=171584","title":{"rendered":"Campanha de vacina\u00e7\u00e3o antirr\u00e1bica acontece na Zona Urbana de JF neste s\u00e1bado"},"content":{"rendered":"<p>Unidades B\u00e1sicas de Sa\u00fade (UBSs), pra\u00e7as p\u00fablicas, centros comunit\u00e1rios, campos de futebol est\u00e3o entre os pontos de f\u00e1cil acesso \u00e0 popula\u00e7\u00e3o que ser\u00e3o usados na campanha antirr\u00e1bica da zona urbana neste s\u00e1bado, 24, das 8 \u00e0s 17 horas. Grande parte desses locais j\u00e1 foram utilizados em campanhas anteriores. A expectativa do supervisor de Controle de Zoonoses da Secretaria de Sa\u00fade (SS), Jos\u00e9 Geraldo de Castro J\u00fanior, \u00e9 da imuniza\u00e7\u00e3o de aproximadamente 50 mil c\u00e3es e gatos.<\/p>\n<p>A vacina\u00e7\u00e3o antirr\u00e1bica envolve a Subsecretaria de Vigil\u00e2ncia em Sa\u00fade (SSVS), o Departamento de Aten\u00e7\u00e3o \u00e0 Sa\u00fade e o Setor de Imuniza\u00e7\u00e3o. Cerca de 1.100 pessoas v\u00e3o atuar direta ou indiretamente nos trabalhos. S\u00e3o supervisores e servidores das UBSs, da Vigil\u00e2ncia Epidemiol\u00f3gica, vacinadores, anotadores, agentes de endemias, estudantes das faculdades de Veterin\u00e1ria, que v\u00e3o atuar como volunt\u00e1rios, entre outros.<\/p>\n<p>O objetivo principal \u00e9 evitar a contamina\u00e7\u00e3o humana. N\u00e3o h\u00e1 cura para a raiva. Os casos s\u00e3o praticamente 100% letais. Por serem os principais transmissores da doen\u00e7a para os humanos, a imuniza\u00e7\u00e3o \u00e9 direcionada aos c\u00e3es e gatos, a partir dos tr\u00eas meses de idade e desde que estejam saud\u00e1veis. O objetivo \u00e9 criar anticorpos, o que n\u00e3o acontece se houver algum problema de sa\u00fade. Nesse caso, \u00e9 recomendado aguardar a recupera\u00e7\u00e3o do animal.<\/p>\n<p>Como a campanha se dar\u00e1 em meio a pandemia da covid-19, o supervisor recomenda os cuidados b\u00e1sicos para preven\u00e7\u00e3o: uso de m\u00e1scara, \u00e1lcool gel e evitar aglomera\u00e7\u00f5es. Ele pondera que pessoas dos grupos de risco, propriet\u00e1rios de animais, devem tentar encontrar algu\u00e9m para lev\u00e1-los a um dos postos de vacina\u00e7\u00e3o, para se preservar.<\/p>\n<p>Confira o podcast sobre o assunto atrav\u00e9s do site\u00a0<a href=\"https:\/\/www.pjf.mg.gov.br\/secretarias\/secom\/podcast\/index.php\">pjf.mg.gov.br\/secretarias\/secom\/podcast\/index.php<\/a>\u00a0ou pelo aplicativo\/site de streaming Spotify.<\/p>\n<p><strong>Fonte:\u00a0<\/strong>Assessoria<\/p>\n","protected":false},"excerpt":{"rendered":"<p>Unidades B\u00e1sicas de Sa\u00fade (UBSs), pra\u00e7as p\u00fablicas, centros comunit\u00e1rios, campos de futebol est\u00e3o entre os pontos de f\u00e1cil acesso \u00e0 popula\u00e7\u00e3o que ser\u00e3o usados na campanha antirr\u00e1bica da zona urbana neste s\u00e1bado, 24, das 8 \u00e0s 17 horas. Grande parte desses locais j\u00e1 foram utilizados em campanhas anteriores. A expectativa do supervisor de Controle de [&hellip;]<\/p>\n","protected":false},"author":96,"featured_media":171585,"comment_status":"closed","ping_status":"closed","sticky":false,"template":"","format":"standard","meta":{"footnotes":""},"categories":[253,436,439],"tags":[],"class_list":["post-171584","post","type-post","status-publish","format-standard","has-post-thumbnail","hentry","category-cidade","category-destaque-da-semana","category-ultima-hora"],"_links":{"self":[{"href":"https:\/\/diarioregionaldigital.com.br\/index.php?rest_route=\/wp\/v2\/posts\/171584","targetHints":{"allow":["GET"]}}],"collection":[{"href":"https:\/\/diarioregionaldigital.com.br\/index.php?rest_route=\/wp\/v2\/posts"}],"about":[{"href":"https:\/\/diarioregionaldigital.com.br\/index.php?rest_route=\/wp\/v2\/types\/post"}],"author":[{"embeddable":true,"href":"https:\/\/diarioregionaldigital.com.br\/index.php?rest_route=\/wp\/v2\/users\/96"}],"replies":[{"embeddable":true,"href":"https:\/\/diarioregionaldigital.com.br\/index.php?rest_route=%2Fwp%2Fv2%2Fcomments&post=171584"}],"version-history":[{"count":0,"href":"https:\/\/diarioregionaldigital.com.br\/index.php?rest_route=\/wp\/v2\/posts\/171584\/revisions"}],"wp:featuredmedia":[{"embeddable":true,"href":"https:\/\/diarioregionaldigital.com.br\/index.php?rest_route=\/wp\/v2\/media\/171585"}],"wp:attachment":[{"href":"https:\/\/diarioregionaldigital.com.br\/index.php?rest_route=%2Fwp%2Fv2%2Fmedia&parent=171584"}],"wp:term":[{"taxonomy":"category","embeddable":true,"href":"https:\/\/diarioregionaldigital.com.br\/index.php?rest_route=%2Fwp%2Fv2%2Fcategories&post=171584"},{"taxonomy":"post_tag","embeddable":true,"href":"https:\/\/diarioregionaldigital.com.br\/index.php?rest_route=%2Fwp%2Fv2%2Ftags&post=171584"}],"curies":[{"name":"wp","href":"https:\/\/api.w.org\/{rel}","templated":true}]}}