{"id":171581,"date":"2020-10-22T18:36:04","date_gmt":"2020-10-22T21:36:04","guid":{"rendered":"https:\/\/diarioregionaldigital.com.br\/?p=171581"},"modified":"2020-10-22T18:36:04","modified_gmt":"2020-10-22T21:36:04","slug":"novo-boletim-da-pjf-nao-registra-morte-por-covid-19","status":"publish","type":"post","link":"https:\/\/diarioregionaldigital.com.br\/?p=171581","title":{"rendered":"Novo boletim da PJF n\u00e3o registra morte por Covid-19"},"content":{"rendered":"<p><span style=\"font-weight: 400;\">A Secretaria de Sa\u00fade (SS) da Prefeitura de Juiz de Fora (PJF), divulgou nesta quinta-feira (22), o novo boletim epidemiol\u00f3gico referente ao Coronav\u00edrus. Os dados apontam que nas \u00faltimas 24h, o munic\u00edpio n\u00e3o registrou morte pela doen\u00e7a, por conta disso, o total se permanece em 253 \u00f3bitos.<\/span><\/p>\n<p><span style=\"font-weight: 400;\">Conforme o levantamento, foram notificados mais 11 novos casos, acumulando 6.818 pessoas infectadas. Segundo os dados, 112 novas suspeitas foram registradas, contabilizando 24.565.<\/span><\/p>\n<p><b>Leitos\u00a0<\/b><\/p>\n<p><span style=\"font-weight: 400;\">Segundo informa\u00e7\u00f5es da PJF, os leitos de enfermaria est\u00e3o com 61,65% de ocupa\u00e7\u00e3o. J\u00e1 os os leitos de UTI e SUS, est\u00e3o com taxa de 74,36% e 69,36% respectivamente.<\/span><\/p>\n<p><b>Isolamento social<\/b><\/p>\n<p><span style=\"font-weight: 400;\">Conforme os dados divulgados pela Prefeitura, o munic\u00edpio apresenta taxa de isolamento social em 49,17%, cuja m\u00e9dia \u00e9 dos \u00faltimos sete dias. O valor continua superior \u00e0 taxa registrada em Minas Gerais, que \u00e9 de 48,26%.<\/span><\/p>\n","protected":false},"excerpt":{"rendered":"<p>A Secretaria de Sa\u00fade (SS) da Prefeitura de Juiz de Fora (PJF), divulgou nesta quinta-feira (22), o novo boletim epidemiol\u00f3gico referente ao Coronav\u00edrus. Os dados apontam que nas \u00faltimas 24h, o munic\u00edpio n\u00e3o registrou morte pela doen\u00e7a, por conta disso, o total se permanece em 253 \u00f3bitos. Conforme o levantamento, foram notificados mais 11 novos [&hellip;]<\/p>\n","protected":false},"author":96,"featured_media":171582,"comment_status":"closed","ping_status":"closed","sticky":false,"template":"","format":"standard","meta":{"footnotes":""},"categories":[253,436,440,439],"tags":[],"class_list":["post-171581","post","type-post","status-publish","format-standard","has-post-thumbnail","hentry","category-cidade","category-destaque-da-semana","category-destaques-do-dia","category-ultima-hora"],"_links":{"self":[{"href":"https:\/\/diarioregionaldigital.com.br\/index.php?rest_route=\/wp\/v2\/posts\/171581","targetHints":{"allow":["GET"]}}],"collection":[{"href":"https:\/\/diarioregionaldigital.com.br\/index.php?rest_route=\/wp\/v2\/posts"}],"about":[{"href":"https:\/\/diarioregionaldigital.com.br\/index.php?rest_route=\/wp\/v2\/types\/post"}],"author":[{"embeddable":true,"href":"https:\/\/diarioregionaldigital.com.br\/index.php?rest_route=\/wp\/v2\/users\/96"}],"replies":[{"embeddable":true,"href":"https:\/\/diarioregionaldigital.com.br\/index.php?rest_route=%2Fwp%2Fv2%2Fcomments&post=171581"}],"version-history":[{"count":0,"href":"https:\/\/diarioregionaldigital.com.br\/index.php?rest_route=\/wp\/v2\/posts\/171581\/revisions"}],"wp:featuredmedia":[{"embeddable":true,"href":"https:\/\/diarioregionaldigital.com.br\/index.php?rest_route=\/wp\/v2\/media\/171582"}],"wp:attachment":[{"href":"https:\/\/diarioregionaldigital.com.br\/index.php?rest_route=%2Fwp%2Fv2%2Fmedia&parent=171581"}],"wp:term":[{"taxonomy":"category","embeddable":true,"href":"https:\/\/diarioregionaldigital.com.br\/index.php?rest_route=%2Fwp%2Fv2%2Fcategories&post=171581"},{"taxonomy":"post_tag","embeddable":true,"href":"https:\/\/diarioregionaldigital.com.br\/index.php?rest_route=%2Fwp%2Fv2%2Ftags&post=171581"}],"curies":[{"name":"wp","href":"https:\/\/api.w.org\/{rel}","templated":true}]}}