{"id":171567,"date":"2020-10-22T18:25:43","date_gmt":"2020-10-22T21:25:43","guid":{"rendered":"https:\/\/diarioregionaldigital.com.br\/?p=171567"},"modified":"2020-10-22T18:25:43","modified_gmt":"2020-10-22T21:25:43","slug":"diretores-de-tres-escolas-estaduais-sao-reconduzidos-aos-seus-cargos","status":"publish","type":"post","link":"https:\/\/diarioregionaldigital.com.br\/?p=171567","title":{"rendered":"Diretores de tr\u00eas escolas estaduais, s\u00e3o reconduzidos aos seus cargos"},"content":{"rendered":"<p><span style=\"font-weight: 400;\">Demitidos no final de setembro, os tr\u00eas diretores das escolas estaduais de Juiz de Fora &#8211; <\/span><span style=\"font-weight: 400;\">E.E. Ali Halfeld, E.E. Batista de Oliveira e E.E. Coronel Ant\u00f4nio Alves Teixeira, ser\u00e3o reconduzidos aos seus respectivos cargos. Segundo o Sindicato \u00danico dos Trabalhadores em Educa\u00e7\u00e3o em Minas Gerais (Sind-UTE\/ Subsede Juiz de Fora), decis\u00e3o foi tomada durante uma reuni\u00e3o realizada na quarta-feira (21), entre o colegiado das institui\u00e7\u00f5es citadas anteriormente.<\/span><\/p>\n<p><span style=\"font-weight: 400;\">Naquela ocasi\u00e3o, os diretores haviam sido afastados de seus cargos, por n\u00e3o participarem do curso a dist\u00e2ncia de gest\u00e3o escolar, ofertado pela Secretaria de Estado de Educa\u00e7\u00e3o (SEE\/MG), ocorrido no segundo semestre de 2019. De acordo com o coordenador geral, Alessandro Furtado Pacheco:<\/span><\/p>\n<p><span style=\"font-weight: 400;\">\u201cO sindicato mobilizou, fez manifesta\u00e7\u00f5es e enviou cartas para superintend\u00eancia, mostrando as incoer\u00eancias e as contradi\u00e7\u00f5es desse processo. Esses diretores foram avaliados positivamente em anos consecutivos, e a\u00ed por causa de um curso que n\u00e3o conseguiram fazer foram exonerados? Um diretor inclusive, de Juiz de Fora, esteve doente durante o per\u00edodo desse curso e mesmo assim, foi exonerado\u201d.<\/span><\/p>\n<p><span style=\"font-weight: 400;\">Na \u00faltima semana, a SEE\/MG, havia entregue um documento \u00e0s escolas, no qual dava possibilidade aos servidores de apresentar o motivo pela n\u00e3o conclus\u00e3o do curso citado. Conforme a pasta, a justificativa deveria ser submetida \u00e0 aprecia\u00e7\u00e3o do colegiado escolar de cada unidade. Mesmo assim, o colegiado poderia decidir se acataria ou n\u00e3o os motivos apresentados.<\/span><\/p>\n<p><span style=\"font-weight: 400;\">Diante da recondu\u00e7\u00e3o dos diretores aos cargos, eles ser\u00e3o informados pela Superintend\u00eancia Regional de Ensino (SRE), a respeito da obrigatoriedade de concluir o curso. O \u00f3rg\u00e3o esclarece que ele deve ser realizado de forma integral e de no m\u00ednimo 60% de aproveitamento.<\/span><\/p>\n<p><span style=\"font-weight: 400;\">A pasta informa que por conta da n\u00e3o conclus\u00e3o do curso oferecido pela SEE\/MG, os servidores foram exonerados dos cargos, uma vez que a atividade \u00e9 considerada obrigat\u00f3ria para aqueles que trabalham como diretor de escola ou vice-diretor.\u00a0<\/span><\/p>\n<p>&nbsp;<\/p>\n","protected":false},"excerpt":{"rendered":"<p>Demitidos no final de setembro, os tr\u00eas diretores das escolas estaduais de Juiz de Fora &#8211; E.E. Ali Halfeld, E.E. Batista de Oliveira e E.E. Coronel Ant\u00f4nio Alves Teixeira, ser\u00e3o reconduzidos aos seus respectivos cargos. Segundo o Sindicato \u00danico dos Trabalhadores em Educa\u00e7\u00e3o em Minas Gerais (Sind-UTE\/ Subsede Juiz de Fora), decis\u00e3o foi tomada durante [&hellip;]<\/p>\n","protected":false},"author":96,"featured_media":171579,"comment_status":"closed","ping_status":"closed","sticky":false,"template":"","format":"standard","meta":{"footnotes":""},"categories":[253,436,439],"tags":[],"class_list":["post-171567","post","type-post","status-publish","format-standard","has-post-thumbnail","hentry","category-cidade","category-destaque-da-semana","category-ultima-hora"],"_links":{"self":[{"href":"https:\/\/diarioregionaldigital.com.br\/index.php?rest_route=\/wp\/v2\/posts\/171567","targetHints":{"allow":["GET"]}}],"collection":[{"href":"https:\/\/diarioregionaldigital.com.br\/index.php?rest_route=\/wp\/v2\/posts"}],"about":[{"href":"https:\/\/diarioregionaldigital.com.br\/index.php?rest_route=\/wp\/v2\/types\/post"}],"author":[{"embeddable":true,"href":"https:\/\/diarioregionaldigital.com.br\/index.php?rest_route=\/wp\/v2\/users\/96"}],"replies":[{"embeddable":true,"href":"https:\/\/diarioregionaldigital.com.br\/index.php?rest_route=%2Fwp%2Fv2%2Fcomments&post=171567"}],"version-history":[{"count":0,"href":"https:\/\/diarioregionaldigital.com.br\/index.php?rest_route=\/wp\/v2\/posts\/171567\/revisions"}],"wp:featuredmedia":[{"embeddable":true,"href":"https:\/\/diarioregionaldigital.com.br\/index.php?rest_route=\/wp\/v2\/media\/171579"}],"wp:attachment":[{"href":"https:\/\/diarioregionaldigital.com.br\/index.php?rest_route=%2Fwp%2Fv2%2Fmedia&parent=171567"}],"wp:term":[{"taxonomy":"category","embeddable":true,"href":"https:\/\/diarioregionaldigital.com.br\/index.php?rest_route=%2Fwp%2Fv2%2Fcategories&post=171567"},{"taxonomy":"post_tag","embeddable":true,"href":"https:\/\/diarioregionaldigital.com.br\/index.php?rest_route=%2Fwp%2Fv2%2Ftags&post=171567"}],"curies":[{"name":"wp","href":"https:\/\/api.w.org\/{rel}","templated":true}]}}