{"id":171564,"date":"2020-10-22T18:01:15","date_gmt":"2020-10-22T21:01:15","guid":{"rendered":"https:\/\/diarioregionaldigital.com.br\/?p=171564"},"modified":"2020-10-22T18:01:15","modified_gmt":"2020-10-22T21:01:15","slug":"delegacia-de-homicidios-da-policia-civil-esclarece-mais-de-90-dos-homicidios-registrados-no-municipio","status":"publish","type":"post","link":"https:\/\/diarioregionaldigital.com.br\/?p=171564","title":{"rendered":"Delegacia de Homic\u00eddios da Pol\u00edcia Civil esclarece mais de 90% dos homic\u00eddios registrados no munic\u00edpio"},"content":{"rendered":"<p><span style=\"font-weight: 400;\">A Delegacia de Homic\u00eddios da Pol\u00edcia Civil de Minas Gerais (PCMG), apresentou um balan\u00e7o referente aos casos de homic\u00eddios consumados, ocorridos nos \u00faltimos nove meses em Juiz de Fora. O levantamento indica que mais de 90% dos casos foram solucionados.\u00a0<\/span><\/p>\n<p><span style=\"font-weight: 400;\">Segundo o titular Rodrigo Rolli, durante o referido per\u00edodo, foram emitidos mais de 65 mandados de pris\u00e3o junto \u00e0 Justi\u00e7a e que houve redu\u00e7\u00e3o no n\u00famero de ocorr\u00eancias desse tipo de crime pela cidade:<\/span><\/p>\n<p><span style=\"font-weight: 400;\">\u201cDe janeiro a setembro deste ano, foram registrados 45 homic\u00eddios consumados, j\u00e1 no ano anterior, foram 44. Desses casos ocorridos em 2020, j\u00e1 temos 41 apurados, com autoria e motiva\u00e7\u00e3o definidas. Em rela\u00e7\u00e3o aos quatro restantes, levantamentos j\u00e1 est\u00e3o sendo realizados para apurar os fatos. Em se tratando de homic\u00eddios tentados, no mesmo per\u00edodo, houve uma queda no n\u00famero. Ocorreram 59, em 2019, mas, este ano, foram registrados 49, ou seja, uma diminui\u00e7\u00e3o de dez casos, em n\u00fameros absolutos\u201d, informa.<\/span><\/p>\n<p><span style=\"font-weight: 400;\">Conforme o Delegado Armando Av\u00f3lio Neto, enfatiza na resposta que a Pol\u00edcia Civil tem dado perante ao combate de todos os tipos de delitos, <\/span><span style=\"font-weight: 400;\">\u201cEm rela\u00e7\u00e3o aos homic\u00eddios, \u00e9 muito importante que esses suspeitos respondam na forma da lei, proporcionando ordem social e uma conviv\u00eancia melhor aos cidad\u00e3os de bem\u201d.<\/span><\/p>\n<p><span style=\"font-weight: 400;\">J\u00e1 o chefe do 4\u00ba Departamento de Pol\u00edcia Civil em Juiz de Fora, Gustavo Ad\u00e9lio Lara Ferreira, diz que \u00e9 de suma import\u00e2ncia a parceria com o Poder Judici\u00e1rio e o Minist\u00e9rio P\u00fablico, a fim de garantir que todas as medidas cautelares sejam deferidas. Al\u00e9m disso, a autoridade policial elogia o empenho exercido pela Delegacia de Homic\u00eddios:<\/span><\/p>\n<p><span style=\"font-weight: 400;\">\u201cDe forma incans\u00e1vel e profissional, os policiais civis se dedicam nas investiga\u00e7\u00f5es incessantemente at\u00e9 chegar \u00e0 autoria e \u00e0 materialidade, resultando, com isso, nesse exitoso resultado de apura\u00e7\u00f5es\u201d.<\/span><\/p>\n<p><b>Investiga\u00e7\u00e3o da morte de jovem na Regi\u00e3o Norte<\/b><\/p>\n<p><span style=\"font-weight: 400;\">Nessa semana, a Pol\u00edcia Civil concluiu o inqu\u00e9rito referente \u00e0 morte de um jovem de 26 anos, ocorrido no dia 28 de maio deste ano, no Bairro Vila Esperan\u00e7a II (Regi\u00e3o Norte). O Delegado Rodrigo Rolli explica que dois suspeitos, de 20 e 31 anos, encontram-se presos, entretanto h\u00e1 um terceiro envolvido, 21 anos, que est\u00e1 foragido. A autoridade policial diz que as investiga\u00e7\u00f5es est\u00e3o em andamento.<\/span><\/p>\n<p><span style=\"font-weight: 400;\">Ele detalha que o procedimento j\u00e1 foi remetido ao poder judici\u00e1rio com indiciamento dos tr\u00eas suspeitos pelos crimes de associa\u00e7\u00e3o criminosa e de homic\u00eddio duplamente qualificado, por motivo f\u00fatil e por dificultar a defesa da v\u00edtima. Segundo apura\u00e7\u00f5es, a motiva\u00e7\u00e3o seria por conta de rivalidade entre bairros.<\/span><\/p>\n","protected":false},"excerpt":{"rendered":"<p>A Delegacia de Homic\u00eddios da Pol\u00edcia Civil de Minas Gerais (PCMG), apresentou um balan\u00e7o referente aos casos de homic\u00eddios consumados, ocorridos nos \u00faltimos nove meses em Juiz de Fora. O levantamento indica que mais de 90% dos casos foram solucionados.\u00a0 Segundo o titular Rodrigo Rolli, durante o referido per\u00edodo, foram emitidos mais de 65 mandados [&hellip;]<\/p>\n","protected":false},"author":96,"featured_media":171565,"comment_status":"closed","ping_status":"closed","sticky":false,"template":"","format":"standard","meta":{"footnotes":""},"categories":[301,436,440,439],"tags":[],"class_list":["post-171564","post","type-post","status-publish","format-standard","has-post-thumbnail","hentry","category-artigos-policiais","category-destaque-da-semana","category-destaques-do-dia","category-ultima-hora"],"_links":{"self":[{"href":"https:\/\/diarioregionaldigital.com.br\/index.php?rest_route=\/wp\/v2\/posts\/171564","targetHints":{"allow":["GET"]}}],"collection":[{"href":"https:\/\/diarioregionaldigital.com.br\/index.php?rest_route=\/wp\/v2\/posts"}],"about":[{"href":"https:\/\/diarioregionaldigital.com.br\/index.php?rest_route=\/wp\/v2\/types\/post"}],"author":[{"embeddable":true,"href":"https:\/\/diarioregionaldigital.com.br\/index.php?rest_route=\/wp\/v2\/users\/96"}],"replies":[{"embeddable":true,"href":"https:\/\/diarioregionaldigital.com.br\/index.php?rest_route=%2Fwp%2Fv2%2Fcomments&post=171564"}],"version-history":[{"count":0,"href":"https:\/\/diarioregionaldigital.com.br\/index.php?rest_route=\/wp\/v2\/posts\/171564\/revisions"}],"wp:featuredmedia":[{"embeddable":true,"href":"https:\/\/diarioregionaldigital.com.br\/index.php?rest_route=\/wp\/v2\/media\/171565"}],"wp:attachment":[{"href":"https:\/\/diarioregionaldigital.com.br\/index.php?rest_route=%2Fwp%2Fv2%2Fmedia&parent=171564"}],"wp:term":[{"taxonomy":"category","embeddable":true,"href":"https:\/\/diarioregionaldigital.com.br\/index.php?rest_route=%2Fwp%2Fv2%2Fcategories&post=171564"},{"taxonomy":"post_tag","embeddable":true,"href":"https:\/\/diarioregionaldigital.com.br\/index.php?rest_route=%2Fwp%2Fv2%2Ftags&post=171564"}],"curies":[{"name":"wp","href":"https:\/\/api.w.org\/{rel}","templated":true}]}}