{"id":171558,"date":"2020-10-22T16:32:10","date_gmt":"2020-10-22T19:32:10","guid":{"rendered":"https:\/\/diarioregionaldigital.com.br\/?p=171558"},"modified":"2020-10-22T16:32:10","modified_gmt":"2020-10-22T19:32:10","slug":"haas-anuncia-as-saidas-de-romain-grosjean-e-kevin-magnussen","status":"publish","type":"post","link":"https:\/\/diarioregionaldigital.com.br\/?p=171558","title":{"rendered":"Haas anuncia as sa\u00eddas de Romain Grosjean e Kevin Magnussen"},"content":{"rendered":"<p><span style=\"font-weight: 400;\">Ap\u00f3s quatro temporadas de parceria, a Haas, anunciou nessa quinta-feira (22), as sa\u00eddas do franc\u00eas Romain Grosjean e do dinamarqu\u00eas Kevin Magnussen. Consequentemente, os dois pilotos est\u00e3o sem vaga no grid para 2021. Al\u00e9m disso, eles haviam informado na \u00faltima semana, que seus servi\u00e7os n\u00e3o seriam mais necess\u00e1rios.<\/span><\/p>\n<p><span style=\"font-weight: 400;\">A passagem deles pela equipe americana, ficou marcada por desempenhos irregulares, indisciplina e tamb\u00e9m por envolvimento em acidentes nas pistas, entre eles principalmente.<\/span><\/p>\n<p><span style=\"font-weight: 400;\">De acordo com o chefe Gunther Steiner, o motivo de tal decis\u00e3o se d\u00e1 por conta da atual situa\u00e7\u00e3o financeira do time, administrado por Gene Haas, que tamb\u00e9m \u00e9 dono da equipe que leva o mesmo nome na NASCAR:<\/span><\/p>\n<p><span style=\"font-weight: 400;\">&#8220;Quer\u00edamos alguma mudan\u00e7a daqui para frente&#8221;, disse Steiner. &#8220;S\u00f3 precisamos ver como vamos em frente com o teto or\u00e7ament\u00e1rio, onde investimos melhor nosso dinheiro e o que fazemos. Ent\u00e3o essa foi a raz\u00e3o, queremos fazer uma mudan\u00e7a no que estamos fazendo e precisamos nos preparar para as novas regulamenta\u00e7\u00f5es em 2022, quando \u00e9 um novo mundo para todos.&#8221;<\/span><\/p>\n<p><span style=\"font-weight: 400;\">Ao ser questionado sobre poss\u00edveis candidatos para as duas vagas, Steiner \u00e9 categ\u00f3rico, ao dizer que foca em pilotos jovens e que tenham apoio financeiro:<\/span><\/p>\n<p><span style=\"font-weight: 400;\">&#8220;Poder\u00edamos estar procurando tamb\u00e9m&#8221;, disse ele. &#8220;Talento sempre precisa estar l\u00e1, n\u00e3o s\u00f3 dinheiro, talento \u00e9 mais importante, mas algumas pessoas t\u00eam patroc\u00ednio que trazem com eles, ent\u00e3o estamos olhando para todas as op\u00e7\u00f5es l\u00e1 fora tamb\u00e9m.&#8221;<\/span><\/p>\n<p><b>O que dizem os pilotos<\/b><\/p>\n<p><span style=\"font-weight: 400;\">Ap\u00f3s o an\u00fancio de suas respectivas sa\u00eddas, tanto Grosjean quanto Magnussen, comentaram sobre o caso. O franc\u00eas relata que ficou surpreendido com a not\u00edcia, e que um deles seria mantido na equipe:<\/span><\/p>\n<p><span style=\"font-weight: 400;\">&#8220;Eu sabia que provavelmente um de n\u00f3s sairia no final do ano, s\u00f3 porque a situa\u00e7\u00e3o ao redor do mundo e covid tornou muito dif\u00edcil financeiramente para muitas empresas ao redor do mundo, ent\u00e3o eu sabia que um de n\u00f3s iria sair. Eu disse ao Guenther na liga\u00e7\u00e3o quando ele me ligou que eu estava esperando que um de n\u00f3s [sa\u00edsse], e ele disse: &#8216;N\u00e3o, por raz\u00f5es financeiras, eu preciso de voc\u00eas dois fora.&#8217; Ent\u00e3o, \u00e9 justo, eu entendo completamente. Foi um ano dif\u00edcil com Covid em muitas ind\u00fastrias e as empresas sofreram com isso. a equipe est\u00e1 indo para um caminho diferente e eu desejo-lhes sorte e o melhor para o futuro\u201d.<\/span><\/p>\n<p><span style=\"font-weight: 400;\">Enquanto isso, Magnussen confirmou que, apesar de trazer apoio de patrocinadores e parceiros, ele n\u00e3o foi capaz de trazer o tipo de or\u00e7amento que poderia realmente fazer uma diferen\u00e7a significativa para as finan\u00e7as da equipe:<\/span><\/p>\n<p><span style=\"font-weight: 400;\">&#8220;N\u00e3o posso trazer o tipo de apoio que voc\u00ea precisa na F\u00f3rmula 1&#8221;, disse Magnussen. &#8220;Eu tenho patrocinadores e tenho parceiros, mas n\u00e3o \u00e9 nada grande neste mundo, e n\u00e3o \u00e9 suficiente para fazer a diferen\u00e7a realmente, para mim. Mas n\u00e3o vou falar pela equipe. Guenther e Gene [Haas, dono da equipe] e a equipe podem fazer isso, eles podem dizer por que fizeram o que fizeram, mas certamente eu n\u00e3o posso trazer o que muitos outros pilotos podem trazer para l\u00e1.&#8221;<\/span><\/p>\n<p><b>Procura no mercado<\/b><\/p>\n<p><span style=\"font-weight: 400;\">Nas \u00faltimas semanas, a imprensa europeia afirmou que a Haas estaria pensando no ingl\u00eas Callum Illot, atual vice-l\u00edder da GP2, entretanto este n\u00e3o \u00e9 tratado como prioridade no time americano. Os mais cotados s\u00e3o o alem\u00e3o Mick Schumacher, por press\u00e3o da Ferrari, que fornece motores e outros componentes, e o russo Nikita Mazepin, que tem um grande aporte financeiro de seus patrocinadores.<\/span><\/p>\n<p><span style=\"font-weight: 400;\">Al\u00e9m disso, conta tamb\u00e9m com o brasileiro Pietro Fittipaldi e o su\u00ed\u00e7o Louis Deletraz, como pilotos reservas. Dentre os chamados \u201cveteranos\u201d na categoria, o mexicano Sergio Perez e o alem\u00e3o Nico Hulkenberg podem estar na briga por uma das vagas, por\u00e9m pelo discurso adotado por Gunther Steiner, ambos est\u00e3o tecnicamente descartados.<\/span><\/p>\n<p>&nbsp;<\/p>\n","protected":false},"excerpt":{"rendered":"<p>Ap\u00f3s quatro temporadas de parceria, a Haas, anunciou nessa quinta-feira (22), as sa\u00eddas do franc\u00eas Romain Grosjean e do dinamarqu\u00eas Kevin Magnussen. Consequentemente, os dois pilotos est\u00e3o sem vaga no grid para 2021. Al\u00e9m disso, eles haviam informado na \u00faltima semana, que seus servi\u00e7os n\u00e3o seriam mais necess\u00e1rios. A passagem deles pela equipe americana, ficou [&hellip;]<\/p>\n","protected":false},"author":96,"featured_media":171559,"comment_status":"closed","ping_status":"closed","sticky":false,"template":"","format":"standard","meta":{"footnotes":""},"categories":[436,257,439],"tags":[],"class_list":["post-171558","post","type-post","status-publish","format-standard","has-post-thumbnail","hentry","category-destaque-da-semana","category-esporte","category-ultima-hora"],"_links":{"self":[{"href":"https:\/\/diarioregionaldigital.com.br\/index.php?rest_route=\/wp\/v2\/posts\/171558","targetHints":{"allow":["GET"]}}],"collection":[{"href":"https:\/\/diarioregionaldigital.com.br\/index.php?rest_route=\/wp\/v2\/posts"}],"about":[{"href":"https:\/\/diarioregionaldigital.com.br\/index.php?rest_route=\/wp\/v2\/types\/post"}],"author":[{"embeddable":true,"href":"https:\/\/diarioregionaldigital.com.br\/index.php?rest_route=\/wp\/v2\/users\/96"}],"replies":[{"embeddable":true,"href":"https:\/\/diarioregionaldigital.com.br\/index.php?rest_route=%2Fwp%2Fv2%2Fcomments&post=171558"}],"version-history":[{"count":0,"href":"https:\/\/diarioregionaldigital.com.br\/index.php?rest_route=\/wp\/v2\/posts\/171558\/revisions"}],"wp:featuredmedia":[{"embeddable":true,"href":"https:\/\/diarioregionaldigital.com.br\/index.php?rest_route=\/wp\/v2\/media\/171559"}],"wp:attachment":[{"href":"https:\/\/diarioregionaldigital.com.br\/index.php?rest_route=%2Fwp%2Fv2%2Fmedia&parent=171558"}],"wp:term":[{"taxonomy":"category","embeddable":true,"href":"https:\/\/diarioregionaldigital.com.br\/index.php?rest_route=%2Fwp%2Fv2%2Fcategories&post=171558"},{"taxonomy":"post_tag","embeddable":true,"href":"https:\/\/diarioregionaldigital.com.br\/index.php?rest_route=%2Fwp%2Fv2%2Ftags&post=171558"}],"curies":[{"name":"wp","href":"https:\/\/api.w.org\/{rel}","templated":true}]}}