{"id":171555,"date":"2020-10-22T16:11:50","date_gmt":"2020-10-22T19:11:50","guid":{"rendered":"https:\/\/diarioregionaldigital.com.br\/?p=171555"},"modified":"2020-10-22T16:11:50","modified_gmt":"2020-10-22T19:11:50","slug":"belgica-mantem-lideranca-no-ranking-da-fifa","status":"publish","type":"post","link":"https:\/\/diarioregionaldigital.com.br\/?p=171555","title":{"rendered":"B\u00e9lgica mant\u00e9m lideran\u00e7a no ranking da FIFA"},"content":{"rendered":"<p><span style=\"font-weight: 400;\">Foi publicado nesta quinta-feira (22), o novo ranking atualizado da FIFA. Com o andamento da Nations League na Europa e o in\u00edcio das Eliminat\u00f3rias da Copa do Mundo Catar 2022 na Am\u00e9rica do Sul, a nova classifica\u00e7\u00e3o apresentou poucas altera\u00e7\u00f5es.\u00a0<\/span><\/p>\n<p><span style=\"font-weight: 400;\">A B\u00e9lgica permanece na lideran\u00e7a, agora com 1.765 pontos. Na segunda posi\u00e7\u00e3o aparece a Fran\u00e7a, atual bicampe\u00e3 do mundo, com 1752. O Brasil manteve-se em terceiro, \u00e0 frente da Inglaterra e Portugal, estes em 4\u00ba e 5\u00ba lugares respectivamente.\u00a0<\/span><\/p>\n<p><span style=\"font-weight: 400;\">Dentre o chamado Top-10, houve poucas mudan\u00e7as e \u00e9 formado pelas mesmas sele\u00e7\u00f5es ranqueadas no m\u00eas de setembro. A Espanha ganhou um \u201cdegrau\u201d, subindo para a sexta posi\u00e7\u00e3o, empurrando Uruguai para a s\u00e9tima. A Argentina ultrapassou a Cro\u00e1cia e ganhou a oitava coloca\u00e7\u00e3o, deixando os croatas em nono respectivamente. A Col\u00f4mbia fecha o grupo dos dez primeiros.<\/span><\/p>\n<p><span style=\"font-weight: 400;\">Quanto ao pelot\u00e3o das vinte primeiras sele\u00e7\u00f5es, a Dinamarca ganhou tr\u00eas posi\u00e7\u00f5es, assumindo o 13\u00ba posto. A Holanda &#8211; que trocou de t\u00e9cnico em agosto &#8211; caiu duas posi\u00e7\u00f5es e est\u00e1 em 15\u00ba. A sele\u00e7\u00e3o peruana tamb\u00e9m perdeu posi\u00e7\u00f5es e agora aparece em 24\u00ba.<\/span><\/p>\n<p><span style=\"font-weight: 400;\">De acordo com a FIFA, dentre os outros times que comp\u00f5em o ranking no geral, quem deu salto maior na classifica\u00e7\u00e3o foi Malta, subindo seis posi\u00e7\u00f5es, agora em 180\u00ba.<\/span><\/p>\n<p><span style=\"font-weight: 400;\">A pr\u00f3xima edi\u00e7\u00e3o atualizada ser\u00e1 divulgada na segunda quinzena de novembro, per\u00edodo em que haver\u00e1 a \u00faltima janela dos jogos das sele\u00e7\u00f5es em 2020. Ser\u00e3o realizadas duas rodadas da Liga das Na\u00e7\u00f5es, fechando a fase de grupos, e duas das Eliminat\u00f3rias da Am\u00e9rica do Sul.<\/span><\/p>\n<p><b>Eliminat\u00f3rias na Europa<\/b><\/p>\n<p><span style=\"font-weight: 400;\">A FIFA anunciou tamb\u00e9m que o sorteio que define os grupos das Eliminat\u00f3rias Europeias, ser\u00e1 realizado no dia 7 de dezembro, em Zurique na Su\u00ed\u00e7a. Por conta da pandemia do Coronav\u00edrus, o evento ser\u00e1 realizado de forma virtual.<\/span><\/p>\n<p><span style=\"font-weight: 400;\">Ao todo s\u00e3o 55 pa\u00edses-membros \u00e0 Uni\u00e3o das Associa\u00e7\u00f5es de Futebol Europeu (UEFA), que ser\u00e3o sorteados em 10 grupos, sendo que cinco contar\u00e3o com seis equipes e o restante com cinco times. Os jogos ser\u00e3o disputados em turno e returno, com jogos de ida e volta, entre mar\u00e7o e novembro de 2021.\u00a0<\/span><\/p>\n<p><span style=\"font-weight: 400;\">As dez melhores sele\u00e7\u00f5es de cada grupo, se classificam diretamente para a Copa do Mundo e os dez melhores segundos colocados, disputar\u00e3o a repescagem, junto com outras duas equipes participantes no ranking geral da Nations League 2020\/201.\u00a0<\/span><\/p>\n<p><span style=\"font-weight: 400;\">Entretanto, segundo a FIFA, esses dois times s\u00f3 entram na repescagem, caso eles n\u00e3o tiveram \u00eaxito em se classificar diretamente pro mundial, bem como n\u00e3o se garantirem na repescagem como \u201cvice\u201d de seus grupos na qualifica\u00e7\u00e3o.<\/span><\/p>\n<p><span style=\"font-weight: 400;\">As 12 equipes ser\u00e3o divididas em tr\u00eas play-offs, que contar\u00e3o com partidas eliminat\u00f3rias, em mar\u00e7o de 2022, para determinar as \u00faltimas tr\u00eas na\u00e7\u00f5es europeias a reservar um lugar no Catar.<\/span><\/p>\n","protected":false},"excerpt":{"rendered":"<p>Foi publicado nesta quinta-feira (22), o novo ranking atualizado da FIFA. Com o andamento da Nations League na Europa e o in\u00edcio das Eliminat\u00f3rias da Copa do Mundo Catar 2022 na Am\u00e9rica do Sul, a nova classifica\u00e7\u00e3o apresentou poucas altera\u00e7\u00f5es.\u00a0 A B\u00e9lgica permanece na lideran\u00e7a, agora com 1.765 pontos. Na segunda posi\u00e7\u00e3o aparece a Fran\u00e7a, [&hellip;]<\/p>\n","protected":false},"author":96,"featured_media":171556,"comment_status":"closed","ping_status":"closed","sticky":false,"template":"","format":"standard","meta":{"footnotes":""},"categories":[436,257,439],"tags":[],"class_list":["post-171555","post","type-post","status-publish","format-standard","has-post-thumbnail","hentry","category-destaque-da-semana","category-esporte","category-ultima-hora"],"_links":{"self":[{"href":"https:\/\/diarioregionaldigital.com.br\/index.php?rest_route=\/wp\/v2\/posts\/171555","targetHints":{"allow":["GET"]}}],"collection":[{"href":"https:\/\/diarioregionaldigital.com.br\/index.php?rest_route=\/wp\/v2\/posts"}],"about":[{"href":"https:\/\/diarioregionaldigital.com.br\/index.php?rest_route=\/wp\/v2\/types\/post"}],"author":[{"embeddable":true,"href":"https:\/\/diarioregionaldigital.com.br\/index.php?rest_route=\/wp\/v2\/users\/96"}],"replies":[{"embeddable":true,"href":"https:\/\/diarioregionaldigital.com.br\/index.php?rest_route=%2Fwp%2Fv2%2Fcomments&post=171555"}],"version-history":[{"count":0,"href":"https:\/\/diarioregionaldigital.com.br\/index.php?rest_route=\/wp\/v2\/posts\/171555\/revisions"}],"wp:featuredmedia":[{"embeddable":true,"href":"https:\/\/diarioregionaldigital.com.br\/index.php?rest_route=\/wp\/v2\/media\/171556"}],"wp:attachment":[{"href":"https:\/\/diarioregionaldigital.com.br\/index.php?rest_route=%2Fwp%2Fv2%2Fmedia&parent=171555"}],"wp:term":[{"taxonomy":"category","embeddable":true,"href":"https:\/\/diarioregionaldigital.com.br\/index.php?rest_route=%2Fwp%2Fv2%2Fcategories&post=171555"},{"taxonomy":"post_tag","embeddable":true,"href":"https:\/\/diarioregionaldigital.com.br\/index.php?rest_route=%2Fwp%2Fv2%2Ftags&post=171555"}],"curies":[{"name":"wp","href":"https:\/\/api.w.org\/{rel}","templated":true}]}}