{"id":171544,"date":"2020-10-22T13:15:15","date_gmt":"2020-10-22T16:15:15","guid":{"rendered":"https:\/\/diarioregionaldigital.com.br\/?p=171544"},"modified":"2020-10-22T13:15:15","modified_gmt":"2020-10-22T16:15:15","slug":"juiz-de-fora-deve-entrar-na-onda-verde-nesta-sexta-feira","status":"publish","type":"post","link":"https:\/\/diarioregionaldigital.com.br\/?p=171544","title":{"rendered":"Juiz de Fora deve entrar na &#8216;Onda Verde&#8217; nesta sexta-feira"},"content":{"rendered":"<p><span style=\"font-weight: 400;\">Por conta do atraso na publica\u00e7\u00e3o do novo Decreto Municipal, Juiz de Fora deve entrar na \u2018Onda Verde\u2019 do Programa Minas Consciente, nesta sexta-feira (23). O avan\u00e7o de fase iria ocorrer na quarta-feira (21), como previsto pela Prefeitura, entretanto, o texto teve que passar por revis\u00f5es. Diante disso, o munic\u00edpio segue na \u2018Onda Amarela\u2019 at\u00e9 que o documento seja publicado.<\/span><\/p>\n<p><span style=\"font-weight: 400;\">De acordo com informa\u00e7\u00f5es da PJF, o texto ser\u00e1 revisto durante a reuni\u00e3o do Comit\u00ea Municipal de Enfrentamento e Preven\u00e7\u00e3o \u00e0 Covid-19, que ser\u00e1 realizada na noite desta quinta-feira (22). Segundo o Executivo, mesmo com avan\u00e7o de fase, algumas atividades ainda estar\u00e3o restritas e que todos os protocolos de preven\u00e7\u00e3o ao Coronav\u00edrus, devem ser seguidos.<\/span><\/p>\n<p><b>Onda verde<\/b><\/p>\n<p><span style=\"font-weight: 400;\">Esta fase do Minas Consciente abrange servi\u00e7os n\u00e3o essenciais e que s\u00e3o de alto risco de cont\u00e1gio. S\u00e3o eles:<\/span><\/p>\n<p><span style=\"font-weight: 400;\">\u2013 Atividades art\u00edsticas, como produ\u00e7\u00e3o teatral, musical e de dan\u00e7a e circo;<\/span><\/p>\n<p><span style=\"font-weight: 400;\">\u2013 Cinemas, bibliotecas, museus, arquivos;<\/span><\/p>\n<p><span style=\"font-weight: 400;\">\u2013 Parques, zool\u00f3gicos e jardins;<\/span><\/p>\n<p><span style=\"font-weight: 400;\">\u2013 Feiras, congressos, exposi\u00e7\u00f5es, filmagens de festas, casas de festas, buf\u00ea;<\/span><\/p>\n<p><span style=\"font-weight: 400;\">\u2013 Parques de divers\u00e3o, discotecas, boliches, sinuca;<\/span><\/p>\n<p><span style=\"font-weight: 400;\">\u2013 Bares com entretenimento (shows e espet\u00e1culos);<\/span><\/p>\n<p><span style=\"font-weight: 400;\">\u2013 Servi\u00e7os de coloca\u00e7\u00e3o de piercings e tatuagens.<\/span><\/p>\n","protected":false},"excerpt":{"rendered":"<p>Por conta do atraso na publica\u00e7\u00e3o do novo Decreto Municipal, Juiz de Fora deve entrar na \u2018Onda Verde\u2019 do Programa Minas Consciente, nesta sexta-feira (23). O avan\u00e7o de fase iria ocorrer na quarta-feira (21), como previsto pela Prefeitura, entretanto, o texto teve que passar por revis\u00f5es. Diante disso, o munic\u00edpio segue na \u2018Onda Amarela\u2019 at\u00e9 [&hellip;]<\/p>\n","protected":false},"author":96,"featured_media":168743,"comment_status":"closed","ping_status":"closed","sticky":false,"template":"","format":"standard","meta":{"footnotes":""},"categories":[436,440,261,439],"tags":[],"class_list":["post-171544","post","type-post","status-publish","format-standard","has-post-thumbnail","hentry","category-destaque-da-semana","category-destaques-do-dia","category-economia","category-ultima-hora"],"_links":{"self":[{"href":"https:\/\/diarioregionaldigital.com.br\/index.php?rest_route=\/wp\/v2\/posts\/171544","targetHints":{"allow":["GET"]}}],"collection":[{"href":"https:\/\/diarioregionaldigital.com.br\/index.php?rest_route=\/wp\/v2\/posts"}],"about":[{"href":"https:\/\/diarioregionaldigital.com.br\/index.php?rest_route=\/wp\/v2\/types\/post"}],"author":[{"embeddable":true,"href":"https:\/\/diarioregionaldigital.com.br\/index.php?rest_route=\/wp\/v2\/users\/96"}],"replies":[{"embeddable":true,"href":"https:\/\/diarioregionaldigital.com.br\/index.php?rest_route=%2Fwp%2Fv2%2Fcomments&post=171544"}],"version-history":[{"count":0,"href":"https:\/\/diarioregionaldigital.com.br\/index.php?rest_route=\/wp\/v2\/posts\/171544\/revisions"}],"wp:featuredmedia":[{"embeddable":true,"href":"https:\/\/diarioregionaldigital.com.br\/index.php?rest_route=\/wp\/v2\/media\/168743"}],"wp:attachment":[{"href":"https:\/\/diarioregionaldigital.com.br\/index.php?rest_route=%2Fwp%2Fv2%2Fmedia&parent=171544"}],"wp:term":[{"taxonomy":"category","embeddable":true,"href":"https:\/\/diarioregionaldigital.com.br\/index.php?rest_route=%2Fwp%2Fv2%2Fcategories&post=171544"},{"taxonomy":"post_tag","embeddable":true,"href":"https:\/\/diarioregionaldigital.com.br\/index.php?rest_route=%2Fwp%2Fv2%2Ftags&post=171544"}],"curies":[{"name":"wp","href":"https:\/\/api.w.org\/{rel}","templated":true}]}}