{"id":171542,"date":"2020-10-22T11:24:47","date_gmt":"2020-10-22T14:24:47","guid":{"rendered":"https:\/\/diarioregionaldigital.com.br\/?p=171542"},"modified":"2020-10-22T11:24:47","modified_gmt":"2020-10-22T14:24:47","slug":"homem-e-morto-com-tiro-na-cabeca-em-nossa-senhora-aparecida","status":"publish","type":"post","link":"https:\/\/diarioregionaldigital.com.br\/?p=171542","title":{"rendered":"Homem \u00e9 morto com tiro na cabe\u00e7a em Nossa Senhora Aparecida"},"content":{"rendered":"<p>Na noite de quarta-feira (21), um homem de 42 anos, foi morto por disparos de arma de fogo, dentro de sua resid\u00eancia no Bairro Nossa Senhora Aparecida (Regi\u00e3o Leste) em Juiz de Fora. Segundo informa\u00e7\u00f5es da Pol\u00edcia Militar (PM), a guarni\u00e7\u00e3o foi acionada e compareceu no endere\u00e7o indicado. Ao chegar no local, os militares encontraram a v\u00edtima ca\u00edda ao solo, com perfura\u00e7\u00e3o na cabe\u00e7a. O Samu tamb\u00e9m esteve presente, por\u00e9m a v\u00edtima n\u00e3o resistiu aos ferimentos e morreu. A per\u00edcia t\u00e9cnica realizou os trabalhos de praxe e o corpo foi removido pela funer\u00e1ria de plant\u00e3o.<\/p>\n<p>De acordo com uma testemunha que presenciou os fatos, um jovem de 20 anos, entrou no im\u00f3vel, arrombou a porta e de posse de uma arma de fogo semelhante a um rev\u00f3lver, afirmava que a v\u00edtima teria pegado seu aparelho celular, e que ele o queria de volta. Logo em seguida, o suspeito passou o n\u00famero e ordenou que o rapaz fizesse a liga\u00e7\u00e3o. No entanto, o telefone n\u00e3o tocou e a v\u00edtima passou a ser agredida aparelho celular lhe passando o n\u00famero de telefone.<\/p>\n<p>Como o telefone n\u00e3o tocou o autor come\u00e7ou a agredir a v\u00edtima com coronhadas e chutes. Em ato cont\u00ednuo, o infrator efetuou dois disparos sendo que o primeiro falhou e o segundo tiro teria acertado no rosto do rapaz. Ap\u00f3s o ato, o autor fugiu do local. A PM realizou rastreamento, por\u00e9m o indiv\u00edduo n\u00e3o foi localizado.<\/p>\n<p>&nbsp;<\/p>\n","protected":false},"excerpt":{"rendered":"<p>Na noite de quarta-feira (21), um homem de 42 anos, foi morto por disparos de arma de fogo, dentro de sua resid\u00eancia no Bairro Nossa Senhora Aparecida (Regi\u00e3o Leste) em Juiz de Fora. Segundo informa\u00e7\u00f5es da Pol\u00edcia Militar (PM), a guarni\u00e7\u00e3o foi acionada e compareceu no endere\u00e7o indicado. Ao chegar no local, os militares encontraram [&hellip;]<\/p>\n","protected":false},"author":96,"featured_media":171355,"comment_status":"closed","ping_status":"closed","sticky":false,"template":"","format":"standard","meta":{"footnotes":""},"categories":[301,436,440,439],"tags":[],"class_list":["post-171542","post","type-post","status-publish","format-standard","has-post-thumbnail","hentry","category-artigos-policiais","category-destaque-da-semana","category-destaques-do-dia","category-ultima-hora"],"_links":{"self":[{"href":"https:\/\/diarioregionaldigital.com.br\/index.php?rest_route=\/wp\/v2\/posts\/171542","targetHints":{"allow":["GET"]}}],"collection":[{"href":"https:\/\/diarioregionaldigital.com.br\/index.php?rest_route=\/wp\/v2\/posts"}],"about":[{"href":"https:\/\/diarioregionaldigital.com.br\/index.php?rest_route=\/wp\/v2\/types\/post"}],"author":[{"embeddable":true,"href":"https:\/\/diarioregionaldigital.com.br\/index.php?rest_route=\/wp\/v2\/users\/96"}],"replies":[{"embeddable":true,"href":"https:\/\/diarioregionaldigital.com.br\/index.php?rest_route=%2Fwp%2Fv2%2Fcomments&post=171542"}],"version-history":[{"count":0,"href":"https:\/\/diarioregionaldigital.com.br\/index.php?rest_route=\/wp\/v2\/posts\/171542\/revisions"}],"wp:featuredmedia":[{"embeddable":true,"href":"https:\/\/diarioregionaldigital.com.br\/index.php?rest_route=\/wp\/v2\/media\/171355"}],"wp:attachment":[{"href":"https:\/\/diarioregionaldigital.com.br\/index.php?rest_route=%2Fwp%2Fv2%2Fmedia&parent=171542"}],"wp:term":[{"taxonomy":"category","embeddable":true,"href":"https:\/\/diarioregionaldigital.com.br\/index.php?rest_route=%2Fwp%2Fv2%2Fcategories&post=171542"},{"taxonomy":"post_tag","embeddable":true,"href":"https:\/\/diarioregionaldigital.com.br\/index.php?rest_route=%2Fwp%2Fv2%2Ftags&post=171542"}],"curies":[{"name":"wp","href":"https:\/\/api.w.org\/{rel}","templated":true}]}}