{"id":171536,"date":"2020-10-22T11:07:18","date_gmt":"2020-10-22T14:07:18","guid":{"rendered":"https:\/\/diarioregionaldigital.com.br\/?p=171536"},"modified":"2020-10-22T11:07:18","modified_gmt":"2020-10-22T14:07:18","slug":"anvisa-diz-que-analise-de-vacinas-contra-covid-19-sera-tecnica","status":"publish","type":"post","link":"https:\/\/diarioregionaldigital.com.br\/?p=171536","title":{"rendered":"Anvisa diz que an\u00e1lise de vacinas contra covid-19 ser\u00e1 t\u00e9cnica"},"content":{"rendered":"<p><span style=\"font-weight: 400;\">A dire\u00e7\u00e3o da Ag\u00eancia Nacional de Vigil\u00e2ncia Sanit\u00e1ria (Anvisa) afirmou em entrevista coletiva, que a an\u00e1lise de vacinas contra o novo coronav\u00edrus ser\u00e1 t\u00e9cnica, independentemente do laborat\u00f3rio e do pa\u00eds de origem do tratamento.<\/span><\/p>\n<p><span style=\"font-weight: 400;\">Segundo a Anvisa, a an\u00e1lise de qualquer vacina ser\u00e1 realizada de acordo com os par\u00e2metros cient\u00edficos e t\u00e9cnicos definidos neste procedimento. A ag\u00eancia analisa a seguran\u00e7a da subst\u00e2ncia e sua efic\u00e1cia, visando avaliar se o tratamento traz resultados e se pode implicar em efeitos colaterais que coloquem a sa\u00fade ou a vida das pessoas em risco.<\/span><\/p>\n<p><span style=\"font-weight: 400;\">O presidente da Anvisa, Ant\u00f4nio Barra, afirmou que n\u00e3o cabe \u00e0 ag\u00eancia adiantar posi\u00e7\u00f5es ou an\u00e1lises sobre as vacinas nem apresentar previs\u00f5es de calend\u00e1rio ou de quando uma subst\u00e2ncia estar\u00e1 dispon\u00edvel \u00e0 popula\u00e7\u00e3o. A prerrogativa do \u00f3rg\u00e3o, refor\u00e7ou, \u00e9 examinar os pedidos de registro e as informa\u00e7\u00f5es cient\u00edficas apresentadas para embas\u00e1-los.<\/span><\/p>\n<p><span style=\"font-weight: 400;\">\u201cA a\u00e7\u00e3o que esta ag\u00eancia tem no caso concreto dos protocolos vacinais \u00e9 de aferi\u00e7\u00e3o do desenvolvimento garantindo ao final do processo a qualidade, seguran\u00e7a e efic\u00e1cia. A Anvisa n\u00e3o participa de compra feita pelo governo de medicamento ou insumo. As pol\u00edticas p\u00fablicas s\u00e3o do MS. Para n\u00f3s pouco importa de onde vem a vacina. Nosso dever \u00e9 fornecer a resposta se produtos induzem ou n\u00e3o \u00e0 imunidade e se vai combater o coronav\u00edrus\u201d, destacou Barra.<\/span><\/p>\n<p><span style=\"font-weight: 400;\">A diretora da Anvisa Alessandra Bastos declarou que a ag\u00eancia est\u00e1 atuando para avaliar os pedidos que chegam relacionados \u00e0 covid-19, mas mantendo a seguran\u00e7a e as exig\u00eancias dos protocolos. \u201cNossos t\u00e9cnicos avaliam se aquela f\u00e1brica est\u00e1 funcionando e que nessa vacina, independentemente de sua origem, seja produzida dentro de boas pr\u00e1ticas de fabrica\u00e7\u00e3o\u201d, comentou.<\/span><\/p>\n<p><strong>Fonte:<\/strong> Ag\u00eancia Brasil<\/p>\n","protected":false},"excerpt":{"rendered":"<p>A dire\u00e7\u00e3o da Ag\u00eancia Nacional de Vigil\u00e2ncia Sanit\u00e1ria (Anvisa) afirmou em entrevista coletiva, que a an\u00e1lise de vacinas contra o novo coronav\u00edrus ser\u00e1 t\u00e9cnica, independentemente do laborat\u00f3rio e do pa\u00eds de origem do tratamento. Segundo a Anvisa, a an\u00e1lise de qualquer vacina ser\u00e1 realizada de acordo com os par\u00e2metros cient\u00edficos e t\u00e9cnicos definidos neste procedimento. [&hellip;]<\/p>\n","protected":false},"author":96,"featured_media":171537,"comment_status":"closed","ping_status":"closed","sticky":false,"template":"","format":"standard","meta":{"footnotes":""},"categories":[302,436,439],"tags":[],"class_list":["post-171536","post","type-post","status-publish","format-standard","has-post-thumbnail","hentry","category-brasil-mundo","category-destaque-da-semana","category-ultima-hora"],"_links":{"self":[{"href":"https:\/\/diarioregionaldigital.com.br\/index.php?rest_route=\/wp\/v2\/posts\/171536","targetHints":{"allow":["GET"]}}],"collection":[{"href":"https:\/\/diarioregionaldigital.com.br\/index.php?rest_route=\/wp\/v2\/posts"}],"about":[{"href":"https:\/\/diarioregionaldigital.com.br\/index.php?rest_route=\/wp\/v2\/types\/post"}],"author":[{"embeddable":true,"href":"https:\/\/diarioregionaldigital.com.br\/index.php?rest_route=\/wp\/v2\/users\/96"}],"replies":[{"embeddable":true,"href":"https:\/\/diarioregionaldigital.com.br\/index.php?rest_route=%2Fwp%2Fv2%2Fcomments&post=171536"}],"version-history":[{"count":0,"href":"https:\/\/diarioregionaldigital.com.br\/index.php?rest_route=\/wp\/v2\/posts\/171536\/revisions"}],"wp:featuredmedia":[{"embeddable":true,"href":"https:\/\/diarioregionaldigital.com.br\/index.php?rest_route=\/wp\/v2\/media\/171537"}],"wp:attachment":[{"href":"https:\/\/diarioregionaldigital.com.br\/index.php?rest_route=%2Fwp%2Fv2%2Fmedia&parent=171536"}],"wp:term":[{"taxonomy":"category","embeddable":true,"href":"https:\/\/diarioregionaldigital.com.br\/index.php?rest_route=%2Fwp%2Fv2%2Fcategories&post=171536"},{"taxonomy":"post_tag","embeddable":true,"href":"https:\/\/diarioregionaldigital.com.br\/index.php?rest_route=%2Fwp%2Fv2%2Ftags&post=171536"}],"curies":[{"name":"wp","href":"https:\/\/api.w.org\/{rel}","templated":true}]}}