{"id":171533,"date":"2020-10-22T11:02:10","date_gmt":"2020-10-22T14:02:10","guid":{"rendered":"https:\/\/diarioregionaldigital.com.br\/?p=171533"},"modified":"2020-10-22T11:02:10","modified_gmt":"2020-10-22T14:02:10","slug":"projeto-de-lei-que-da-maior-transparencia-aos-servicos-de-iluminacao-publica-e-aprovado-na-camara-municipal","status":"publish","type":"post","link":"https:\/\/diarioregionaldigital.com.br\/?p=171533","title":{"rendered":"Projeto de Lei que d\u00e1 maior transpar\u00eancia aos servi\u00e7os de ilumina\u00e7\u00e3o p\u00fablica, \u00e9 aprovado na C\u00e2mara Municipal"},"content":{"rendered":"<p><span style=\"font-weight: 400;\">A C\u00e2mara Municipal de Juiz de Fora, aprovou na noite de quarta-feira (21), um Projeto de Lei que garante maior transpar\u00eancia ao servi\u00e7os de ilumina\u00e7\u00e3o p\u00fablica na cidade. O texto foi elaborado pelo vereador Jos\u00e9 M\u00e1rcio Garotinho (Partido Verde) e pede para que a Prefeitura publique em seu site \u201ca rela\u00e7\u00e3o de todos os contratos\u201d referentes ao servi\u00e7o. A proposta foi aprovada em segundo turno e agora ser\u00e1 encaminhado ao Legislativo, antes de ser analisado pelo prefeito Ant\u00f4nio Almas (PSDB).<\/span><\/p>\n<p><span style=\"font-weight: 400;\">Conforme Garotinho, a divulga\u00e7\u00e3o no site da PJF deve ser feita em local de f\u00e1cil acesso e deve constar em \u201cse\u00e7\u00e3o espec\u00edfica para ilumina\u00e7\u00e3o p\u00fablica\u201d. Al\u00e9m disso, devem estar dispon\u00edveis os dados relacionados \u00e0 informa\u00e7\u00f5es como a \u00edntegra do instrumento contratual em vigor, bem como altera\u00e7\u00f5es no nome e CNPJ\/CPF das partes contratadas; o valor, o tempo e o fiscalizador do contrato, dentre outros.\u00a0<\/span><\/p>\n<p><span style=\"font-weight: 400;\">O projeto do vereador estabelece tamb\u00e9m a cria\u00e7\u00e3o de um canal que permita o acompanhamento das reclama\u00e7\u00f5es feitas pelos usu\u00e1rios. Para Garotinho, a quest\u00e3o da ilumina\u00e7\u00e3o p\u00fablica no munic\u00edpio, se tornou um tema delicado:<\/span><\/p>\n<p><span style=\"font-weight: 400;\">\u201cMeses sem contrato para a presta\u00e7\u00e3o do referido servi\u00e7o culminaram num expressivo n\u00famero de locais sem ilumina\u00e7\u00e3o e\/ou com os poste\/l\u00e2mpadas em estado prec\u00e1rio. Nessa linha, temos recebido in\u00fameros relatos quanto a demora na presta\u00e7\u00e3o do servi\u00e7o ou at\u00e9 mesmo a n\u00e3o presta\u00e7\u00e3o sem qualquer tipo de presta\u00e7\u00e3o de contas ou justificativa para tal ato\u201d diz Garotinho.<\/span><\/p>\n","protected":false},"excerpt":{"rendered":"<p>A C\u00e2mara Municipal de Juiz de Fora, aprovou na noite de quarta-feira (21), um Projeto de Lei que garante maior transpar\u00eancia ao servi\u00e7os de ilumina\u00e7\u00e3o p\u00fablica na cidade. O texto foi elaborado pelo vereador Jos\u00e9 M\u00e1rcio Garotinho (Partido Verde) e pede para que a Prefeitura publique em seu site \u201ca rela\u00e7\u00e3o de todos os contratos\u201d [&hellip;]<\/p>\n","protected":false},"author":96,"featured_media":171534,"comment_status":"closed","ping_status":"closed","sticky":false,"template":"","format":"standard","meta":{"footnotes":""},"categories":[436,440,254,439],"tags":[],"class_list":["post-171533","post","type-post","status-publish","format-standard","has-post-thumbnail","hentry","category-destaque-da-semana","category-destaques-do-dia","category-politica","category-ultima-hora"],"_links":{"self":[{"href":"https:\/\/diarioregionaldigital.com.br\/index.php?rest_route=\/wp\/v2\/posts\/171533","targetHints":{"allow":["GET"]}}],"collection":[{"href":"https:\/\/diarioregionaldigital.com.br\/index.php?rest_route=\/wp\/v2\/posts"}],"about":[{"href":"https:\/\/diarioregionaldigital.com.br\/index.php?rest_route=\/wp\/v2\/types\/post"}],"author":[{"embeddable":true,"href":"https:\/\/diarioregionaldigital.com.br\/index.php?rest_route=\/wp\/v2\/users\/96"}],"replies":[{"embeddable":true,"href":"https:\/\/diarioregionaldigital.com.br\/index.php?rest_route=%2Fwp%2Fv2%2Fcomments&post=171533"}],"version-history":[{"count":0,"href":"https:\/\/diarioregionaldigital.com.br\/index.php?rest_route=\/wp\/v2\/posts\/171533\/revisions"}],"wp:featuredmedia":[{"embeddable":true,"href":"https:\/\/diarioregionaldigital.com.br\/index.php?rest_route=\/wp\/v2\/media\/171534"}],"wp:attachment":[{"href":"https:\/\/diarioregionaldigital.com.br\/index.php?rest_route=%2Fwp%2Fv2%2Fmedia&parent=171533"}],"wp:term":[{"taxonomy":"category","embeddable":true,"href":"https:\/\/diarioregionaldigital.com.br\/index.php?rest_route=%2Fwp%2Fv2%2Fcategories&post=171533"},{"taxonomy":"post_tag","embeddable":true,"href":"https:\/\/diarioregionaldigital.com.br\/index.php?rest_route=%2Fwp%2Fv2%2Ftags&post=171533"}],"curies":[{"name":"wp","href":"https:\/\/api.w.org\/{rel}","templated":true}]}}