{"id":171530,"date":"2020-10-22T10:31:37","date_gmt":"2020-10-22T13:31:37","guid":{"rendered":"https:\/\/diarioregionaldigital.com.br\/?p=171530"},"modified":"2020-10-22T10:31:37","modified_gmt":"2020-10-22T13:31:37","slug":"boletim-da-ses-mg-aponta-8-621-mortes-decorrentes-do-coronavirus","status":"publish","type":"post","link":"https:\/\/diarioregionaldigital.com.br\/?p=171530","title":{"rendered":"Boletim da SES-MG aponta 8.621 mortes decorrentes do Coronav\u00edrus"},"content":{"rendered":"<p>O novo<a href=\"https:\/\/www.saude.mg.gov.br\/images\/noticias_e_eventos\/000_2020\/Boletins_Corona\/22.10.2020Boletim-Epidemiologico_COVID-19_.pdf\"> boletim epidemiol\u00f3gico<\/a> publicado nesta quinta-feira (22), pela Secretaria de Estado da Sa\u00fade de Minas Gerais (SES-MG), informa que nas \u00faltimas 24h, foram notificadas mais 67 mortes decorrentes do Coronav\u00edrus. No acumulado, s\u00e3o 8.621 \u00f3bitos. Os dados indicam que 4.900 v\u00edtimas s\u00e3o do sexo masculino e 3.721 s\u00e3o do feminino.<\/p>\n<p>Al\u00e9m disso, foram registrados mais 2.657 novos casos da doen\u00e7a, totalizando 343.159 pessoas infectadas. Al\u00e9m disso, 311.646 pacientes est\u00e3o recuperados da doen\u00e7a, representando 90,8% dos casos e 22.892 fazem acompanhamento m\u00e9dico. Quanto aos dados de hospitaliza\u00e7\u00e3o, 33.674 pessoas est\u00e3o internadas e 309.485 est\u00e3o em isolamento domiciliar.<\/p>\n","protected":false},"excerpt":{"rendered":"<p>O novo boletim epidemiol\u00f3gico publicado nesta quinta-feira (22), pela Secretaria de Estado da Sa\u00fade de Minas Gerais (SES-MG), informa que nas \u00faltimas 24h, foram notificadas mais 67 mortes decorrentes do Coronav\u00edrus. No acumulado, s\u00e3o 8.621 \u00f3bitos. Os dados indicam que 4.900 v\u00edtimas s\u00e3o do sexo masculino e 3.721 s\u00e3o do feminino. Al\u00e9m disso, foram registrados [&hellip;]<\/p>\n","protected":false},"author":96,"featured_media":171531,"comment_status":"closed","ping_status":"closed","sticky":false,"template":"","format":"standard","meta":{"footnotes":""},"categories":[436,440,252,439],"tags":[],"class_list":["post-171530","post","type-post","status-publish","format-standard","has-post-thumbnail","hentry","category-destaque-da-semana","category-destaques-do-dia","category-regiao","category-ultima-hora"],"_links":{"self":[{"href":"https:\/\/diarioregionaldigital.com.br\/index.php?rest_route=\/wp\/v2\/posts\/171530","targetHints":{"allow":["GET"]}}],"collection":[{"href":"https:\/\/diarioregionaldigital.com.br\/index.php?rest_route=\/wp\/v2\/posts"}],"about":[{"href":"https:\/\/diarioregionaldigital.com.br\/index.php?rest_route=\/wp\/v2\/types\/post"}],"author":[{"embeddable":true,"href":"https:\/\/diarioregionaldigital.com.br\/index.php?rest_route=\/wp\/v2\/users\/96"}],"replies":[{"embeddable":true,"href":"https:\/\/diarioregionaldigital.com.br\/index.php?rest_route=%2Fwp%2Fv2%2Fcomments&post=171530"}],"version-history":[{"count":0,"href":"https:\/\/diarioregionaldigital.com.br\/index.php?rest_route=\/wp\/v2\/posts\/171530\/revisions"}],"wp:featuredmedia":[{"embeddable":true,"href":"https:\/\/diarioregionaldigital.com.br\/index.php?rest_route=\/wp\/v2\/media\/171531"}],"wp:attachment":[{"href":"https:\/\/diarioregionaldigital.com.br\/index.php?rest_route=%2Fwp%2Fv2%2Fmedia&parent=171530"}],"wp:term":[{"taxonomy":"category","embeddable":true,"href":"https:\/\/diarioregionaldigital.com.br\/index.php?rest_route=%2Fwp%2Fv2%2Fcategories&post=171530"},{"taxonomy":"post_tag","embeddable":true,"href":"https:\/\/diarioregionaldigital.com.br\/index.php?rest_route=%2Fwp%2Fv2%2Ftags&post=171530"}],"curies":[{"name":"wp","href":"https:\/\/api.w.org\/{rel}","templated":true}]}}