{"id":171506,"date":"2020-10-22T06:00:03","date_gmt":"2020-10-22T09:00:03","guid":{"rendered":"https:\/\/diarioregionaldigital.com.br\/?p=171506"},"modified":"2020-10-22T01:33:38","modified_gmt":"2020-10-22T04:33:38","slug":"juntos-e-misturados","status":"publish","type":"post","link":"https:\/\/diarioregionaldigital.com.br\/?p=171506","title":{"rendered":"Juntos e Misturados"},"content":{"rendered":"<p style=\"text-align: center;\"><strong>Quartel General<\/strong><\/p>\n<p style=\"text-align: center;\">Homens de arte e cultura de Juiz de Fora participam da funda\u00e7\u00e3o da Associa\u00e7\u00e3o Cultural Castelinho dos Bracher, que tem como presidente Jos\u00e9 Alberto Pinho Neves e como secret\u00e1rio, Fernando Guilhon. Para o conselho de administra\u00e7\u00e3o foram convocados, Hugo Borges, Casimiro Baesso, Wilson Cid, Fl\u00e1vio Bellini e Jo\u00e3o Candido Portinari.<\/p>\n<p style=\"text-align: center;\"><strong>Sa\u00fade<\/strong><\/p>\n<p style=\"text-align: center;\">Din\u00e2mico e alto astral, o cardiologista Luiz Ant\u00f4nio Avelar assumiu a presid\u00eancia da Sociedade de Medicina e Cirurgia de Juiz de Fora. Sua vice-presidente e a m\u00e9dica endocrinologista Ros\u00e2ngela Maria de Almeida. Tamb\u00e9m integram a diretoria a competente psiquiatra Elimar Jacob Salzer Rodrigues, nova coordenadora. Pela primeira vez, em 131 anos, a solenidade aconteceu de forma \u2018on-line\u2019.<\/p>\n<p style=\"text-align: center;\"><strong>Iluminada<\/strong><\/p>\n<p style=\"text-align: center;\">A querida Helo\u00edsa Helena Sant\u2019Anna dos Santos, comemorou em grande estilo seu anivers\u00e1rio de 80 anos soltando bal\u00f5es com sementes na pra\u00e7a do Condom\u00ednio Estrela Sul. Mantendo o protocolo, ela cantou o \u201cparab\u00e9ns pra voc\u00ea\u201d com amigos e parentes e solicitou em vez de presentes que os convidados levassem alimentos n\u00e3o perec\u00edveis que seriam doados para pessoas carentes. Belo exemplo.<\/p>\n<p style=\"text-align: center;\"><span style=\"font-size: 14pt;\"><strong>Juntos e Misturados<\/strong><\/span><\/p>\n<p style=\"text-align: center;\">Embora seja mais uma quest\u00e3o de preserva\u00e7\u00e3o do que de mania, amigos e fam\u00edlia s\u00e3o sentimentos terno, de acolhimento e se aplica bem \u00e0s contradi\u00e7\u00f5es do amor em tempos de Covid-19, que doses excessivas pode sufocar. Melhor controlar e viver o novo moderno desacelerando o elevador.<\/p>\n<div id=\"attachment_171486\" style=\"width: 690px\" class=\"wp-caption aligncenter\"><img loading=\"lazy\" decoding=\"async\" aria-describedby=\"caption-attachment-171486\" class=\"wp-image-171486\" src=\"https:\/\/diarioregionaldigital.com.br\/wp-content\/uploads\/2020\/10\/fotoa-9-e1603339104639.jpg\" alt=\"\" width=\"680\" height=\"530\" srcset=\"https:\/\/diarioregionaldigital.com.br\/wp-content\/uploads\/2020\/10\/fotoa-9-e1603339104639.jpg 813w, https:\/\/diarioregionaldigital.com.br\/wp-content\/uploads\/2020\/10\/fotoa-9-e1603339104639-300x234.jpg 300w, https:\/\/diarioregionaldigital.com.br\/wp-content\/uploads\/2020\/10\/fotoa-9-e1603339104639-768x599.jpg 768w, https:\/\/diarioregionaldigital.com.br\/wp-content\/uploads\/2020\/10\/fotoa-9-e1603339104639-360x281.jpg 360w\" sizes=\"auto, (max-width: 680px) 100vw, 680px\" \/><p id=\"caption-attachment-171486\" class=\"wp-caption-text\">Um foco de luz nos bonitos Lidiane Oliveira e Clinton Boscato Nunes<\/p><\/div>\n<div id=\"attachment_171487\" style=\"width: 690px\" class=\"wp-caption aligncenter\"><img loading=\"lazy\" decoding=\"async\" aria-describedby=\"caption-attachment-171487\" class=\"wp-image-171487\" src=\"https:\/\/diarioregionaldigital.com.br\/wp-content\/uploads\/2020\/10\/fotob-12-e1603339336496.jpg\" alt=\"\" width=\"680\" height=\"525\" srcset=\"https:\/\/diarioregionaldigital.com.br\/wp-content\/uploads\/2020\/10\/fotob-12-e1603339336496.jpg 928w, https:\/\/diarioregionaldigital.com.br\/wp-content\/uploads\/2020\/10\/fotob-12-e1603339336496-300x231.jpg 300w, https:\/\/diarioregionaldigital.com.br\/wp-content\/uploads\/2020\/10\/fotob-12-e1603339336496-768x593.jpg 768w, https:\/\/diarioregionaldigital.com.br\/wp-content\/uploads\/2020\/10\/fotob-12-e1603339336496-360x278.jpg 360w\" sizes=\"auto, (max-width: 680px) 100vw, 680px\" \/><p id=\"caption-attachment-171487\" class=\"wp-caption-text\">O artista pl\u00e1stico Augusto Petrillo e a linda filha Iolanda no m\u00eas da crian\u00e7a<\/p><\/div>\n<div id=\"attachment_171488\" style=\"width: 690px\" class=\"wp-caption aligncenter\"><img loading=\"lazy\" decoding=\"async\" aria-describedby=\"caption-attachment-171488\" class=\"wp-image-171488\" src=\"https:\/\/diarioregionaldigital.com.br\/wp-content\/uploads\/2020\/10\/fotoc-13-e1603339371255.jpg\" alt=\"\" width=\"680\" height=\"486\" srcset=\"https:\/\/diarioregionaldigital.com.br\/wp-content\/uploads\/2020\/10\/fotoc-13-e1603339371255.jpg 720w, https:\/\/diarioregionaldigital.com.br\/wp-content\/uploads\/2020\/10\/fotoc-13-e1603339371255-300x215.jpg 300w, https:\/\/diarioregionaldigital.com.br\/wp-content\/uploads\/2020\/10\/fotoc-13-e1603339371255-360x258.jpg 360w, https:\/\/diarioregionaldigital.com.br\/wp-content\/uploads\/2020\/10\/fotoc-13-e1603339371255-100x70.jpg 100w\" sizes=\"auto, (max-width: 680px) 100vw, 680px\" \/><p id=\"caption-attachment-171488\" class=\"wp-caption-text\">O pequeno Henrique em seu batizado na Igreja Imaculada Concei\u00e7\u00e3o com seus pais Camila e Euller Lopes<\/p><\/div>\n<div id=\"attachment_171489\" style=\"width: 690px\" class=\"wp-caption aligncenter\"><img loading=\"lazy\" decoding=\"async\" aria-describedby=\"caption-attachment-171489\" class=\"wp-image-171489\" src=\"https:\/\/diarioregionaldigital.com.br\/wp-content\/uploads\/2020\/10\/fotod-3-e1603339400940.jpeg\" alt=\"\" width=\"680\" height=\"454\" srcset=\"https:\/\/diarioregionaldigital.com.br\/wp-content\/uploads\/2020\/10\/fotod-3-e1603339400940.jpeg 591w, https:\/\/diarioregionaldigital.com.br\/wp-content\/uploads\/2020\/10\/fotod-3-e1603339400940-300x201.jpeg 300w, https:\/\/diarioregionaldigital.com.br\/wp-content\/uploads\/2020\/10\/fotod-3-e1603339400940-360x241.jpeg 360w\" sizes=\"auto, (max-width: 680px) 100vw, 680px\" \/><p id=\"caption-attachment-171489\" class=\"wp-caption-text\">Festejando anivers\u00e1rio soltando bal\u00f5es Heloisa Helena Sant\u2019Anna dos Santos<\/p><\/div>\n<div id=\"attachment_171491\" style=\"width: 690px\" class=\"wp-caption aligncenter\"><img loading=\"lazy\" decoding=\"async\" aria-describedby=\"caption-attachment-171491\" class=\"wp-image-171491\" src=\"https:\/\/diarioregionaldigital.com.br\/wp-content\/uploads\/2020\/10\/fotof-3-e1603339468812.jpeg\" alt=\"\" width=\"680\" height=\"435\" srcset=\"https:\/\/diarioregionaldigital.com.br\/wp-content\/uploads\/2020\/10\/fotof-3-e1603339468812.jpeg 705w, https:\/\/diarioregionaldigital.com.br\/wp-content\/uploads\/2020\/10\/fotof-3-e1603339468812-300x192.jpeg 300w, https:\/\/diarioregionaldigital.com.br\/wp-content\/uploads\/2020\/10\/fotof-3-e1603339468812-360x230.jpeg 360w\" sizes=\"auto, (max-width: 680px) 100vw, 680px\" \/><p id=\"caption-attachment-171491\" class=\"wp-caption-text\">O jornalista Jorge J\u00fanior comemorando anivers\u00e1rio com Ursula Scavolini e Fabr\u00edcio Almeida<\/p><\/div>\n<div id=\"attachment_171492\" style=\"width: 690px\" class=\"wp-caption aligncenter\"><img loading=\"lazy\" decoding=\"async\" aria-describedby=\"caption-attachment-171492\" class=\"wp-image-171492\" src=\"https:\/\/diarioregionaldigital.com.br\/wp-content\/uploads\/2020\/10\/fotog-12-e1603339515271.jpg\" alt=\"\" width=\"680\" height=\"451\" srcset=\"https:\/\/diarioregionaldigital.com.br\/wp-content\/uploads\/2020\/10\/fotog-12-e1603339515271.jpg 1054w, https:\/\/diarioregionaldigital.com.br\/wp-content\/uploads\/2020\/10\/fotog-12-e1603339515271-300x199.jpg 300w, https:\/\/diarioregionaldigital.com.br\/wp-content\/uploads\/2020\/10\/fotog-12-e1603339515271-1024x679.jpg 1024w, https:\/\/diarioregionaldigital.com.br\/wp-content\/uploads\/2020\/10\/fotog-12-e1603339515271-768x509.jpg 768w, https:\/\/diarioregionaldigital.com.br\/wp-content\/uploads\/2020\/10\/fotog-12-e1603339515271-360x239.jpg 360w\" sizes=\"auto, (max-width: 680px) 100vw, 680px\" \/><p id=\"caption-attachment-171492\" class=\"wp-caption-text\">Irm\u00e3os bonit\u00f5es em foto para a coluna Renato, Gustavo e Rodrigo Lucas<\/p><\/div>\n<div id=\"attachment_171493\" style=\"width: 690px\" class=\"wp-caption aligncenter\"><img loading=\"lazy\" decoding=\"async\" aria-describedby=\"caption-attachment-171493\" class=\"wp-image-171493\" src=\"https:\/\/diarioregionaldigital.com.br\/wp-content\/uploads\/2020\/10\/fotoh-11-e1603339549218.jpg\" alt=\"\" width=\"680\" height=\"460\" srcset=\"https:\/\/diarioregionaldigital.com.br\/wp-content\/uploads\/2020\/10\/fotoh-11-e1603339549218.jpg 660w, https:\/\/diarioregionaldigital.com.br\/wp-content\/uploads\/2020\/10\/fotoh-11-e1603339549218-300x203.jpg 300w, https:\/\/diarioregionaldigital.com.br\/wp-content\/uploads\/2020\/10\/fotoh-11-e1603339549218-360x243.jpg 360w\" sizes=\"auto, (max-width: 680px) 100vw, 680px\" \/><p id=\"caption-attachment-171493\" class=\"wp-caption-text\">No M\u00eas do Professor, Tadeu Mattoso homenageando lindas mestras do ensino<\/p><\/div>\n<div id=\"attachment_171494\" style=\"width: 690px\" class=\"wp-caption aligncenter\"><img loading=\"lazy\" decoding=\"async\" aria-describedby=\"caption-attachment-171494\" class=\"wp-image-171494\" src=\"https:\/\/diarioregionaldigital.com.br\/wp-content\/uploads\/2020\/10\/fotoi-8-e1603339699709.jpg\" alt=\"\" width=\"680\" height=\"468\" srcset=\"https:\/\/diarioregionaldigital.com.br\/wp-content\/uploads\/2020\/10\/fotoi-8-e1603339699709.jpg 878w, https:\/\/diarioregionaldigital.com.br\/wp-content\/uploads\/2020\/10\/fotoi-8-e1603339699709-300x206.jpg 300w, https:\/\/diarioregionaldigital.com.br\/wp-content\/uploads\/2020\/10\/fotoi-8-e1603339699709-768x528.jpg 768w, https:\/\/diarioregionaldigital.com.br\/wp-content\/uploads\/2020\/10\/fotoi-8-e1603339699709-360x248.jpg 360w, https:\/\/diarioregionaldigital.com.br\/wp-content\/uploads\/2020\/10\/fotoi-8-e1603339699709-100x70.jpg 100w\" sizes=\"auto, (max-width: 680px) 100vw, 680px\" \/><p id=\"caption-attachment-171494\" class=\"wp-caption-text\">Fernanda Berion e Luisa festejando o querido professor Macarr\u00e3o<\/p><\/div>\n<div id=\"attachment_171495\" style=\"width: 690px\" class=\"wp-caption aligncenter\"><img loading=\"lazy\" decoding=\"async\" aria-describedby=\"caption-attachment-171495\" class=\"wp-image-171495\" src=\"https:\/\/diarioregionaldigital.com.br\/wp-content\/uploads\/2020\/10\/fotoj-2-e1603339734335.jpg\" alt=\"\" width=\"680\" height=\"467\" srcset=\"https:\/\/diarioregionaldigital.com.br\/wp-content\/uploads\/2020\/10\/fotoj-2-e1603339734335.jpg 826w, https:\/\/diarioregionaldigital.com.br\/wp-content\/uploads\/2020\/10\/fotoj-2-e1603339734335-300x206.jpg 300w, https:\/\/diarioregionaldigital.com.br\/wp-content\/uploads\/2020\/10\/fotoj-2-e1603339734335-768x527.jpg 768w, https:\/\/diarioregionaldigital.com.br\/wp-content\/uploads\/2020\/10\/fotoj-2-e1603339734335-360x247.jpg 360w, https:\/\/diarioregionaldigital.com.br\/wp-content\/uploads\/2020\/10\/fotoj-2-e1603339734335-100x70.jpg 100w\" sizes=\"auto, (max-width: 680px) 100vw, 680px\" \/><p id=\"caption-attachment-171495\" class=\"wp-caption-text\">O corretor de im\u00f3veis e empreendedor Evilasio Ladeira Pina, turistando em Angra dos Reis<\/p><\/div>\n<div id=\"attachment_171490\" style=\"width: 690px\" class=\"wp-caption aligncenter\"><img loading=\"lazy\" decoding=\"async\" aria-describedby=\"caption-attachment-171490\" class=\"wp-image-171490\" src=\"https:\/\/diarioregionaldigital.com.br\/wp-content\/uploads\/2020\/10\/fotoe-1-e1603339439102.jpeg\" alt=\"\" width=\"680\" height=\"664\" srcset=\"https:\/\/diarioregionaldigital.com.br\/wp-content\/uploads\/2020\/10\/fotoe-1-e1603339439102.jpeg 963w, https:\/\/diarioregionaldigital.com.br\/wp-content\/uploads\/2020\/10\/fotoe-1-e1603339439102-300x293.jpeg 300w, https:\/\/diarioregionaldigital.com.br\/wp-content\/uploads\/2020\/10\/fotoe-1-e1603339439102-768x750.jpeg 768w, https:\/\/diarioregionaldigital.com.br\/wp-content\/uploads\/2020\/10\/fotoe-1-e1603339439102-360x351.jpeg 360w\" sizes=\"auto, (max-width: 680px) 100vw, 680px\" \/><p id=\"caption-attachment-171490\" class=\"wp-caption-text\">No m\u00eas do professor o mestre Humberto Gomes ladeado de Paloma Salazar, Laila Oliveira Braga e Rose Oliveira<\/p><\/div>\n<p>FOTOSS\u00cdNTESE<\/p>\n<p>Agendado para esta sexta (23) e s\u00e1bado (24) com coordena\u00e7\u00e3o do professor Heglison Custodio Toledo,o 1.Semin\u00e1rio Internacional de Gest\u00e3o do Esporte da Faefid (UFJF), no YouTube, tamb\u00e9m na coordena\u00e7\u00e3o, o din\u00e2mico professor Luiz Carlos Pessoa Nery.<\/p>\n<p>O forte empres\u00e1rio Jos\u00e9 Rocha lan\u00e7a um belo empreendimento no mercado da constru\u00e7\u00e3o civil na Av. Rio Branco, pr\u00f3ximo ao Carrefour. Ali surge o bel\u00edssimo \u201cMaison Royale\u201d, edif\u00edcio com 34 andares, 130 apartamento e oito lojas.<\/p>\n<p>Dispon\u00edvel em todas as plataformas digitais, o CD \u201cDesse Modo\u201d do aplaudido pianista M\u00e1rcio Hallack. Com selo da produtora Kuarus, presta homenagem a Edu Lobo, Moacir Santos e cl\u00e1ssicos da MPB.<\/p>\n<p>Com alt\u00edssima qualidade, o teste para Covid-19 do Laborat\u00f3rio Lemos mostra qualidade e Tradi\u00e7\u00e3o no ramo de exames.<\/p>\n<p>Livres, leve e soltos, os bonitos Jane Paulino e Wesley Guedes aproveitaram o feriad\u00e3o em Ibitipoca.<\/p>\n<p>Conectada com boas reflex\u00f5es, M\u00f4nica de Aquino est\u00e1 lan\u00e7ando seu livro de poesia \u201cLinha, labirinto\u201d, pela Edi\u00e7\u00f5es Macondo.<\/p>\n<p>Mulheres lindas e maduras que podem usar mai\u00f4 Catalina e arrasar Patr\u00edcia Alvim, Erika Rocha Calixto, Marion Rodrigues, Erika Duarte Miana, Cristiane Carapinha, Rose Oliveira, Deborah Manfroi, Luna Petermann e Adelaide Rodrigues.<\/p>\n<p>Circulando no feriad\u00e3o no Rio de Janeiro: Paulo Roberto Souza, o professor Tenner Freitas com o arquiteto Alberto Ribeiro Mendes, Aura Sampaio com Kadu Lovisi e Esther Marques com T\u00falio Assis.<\/p>\n<p>Aten\u00e7\u00e3o galera: Existe, pessoas t\u00f3xicas, mas tamb\u00e9m existem pessoas medicinais. S\u00e3o aquelas que chegam e ajudam curar nossas vidas. Bom dia.<\/p>\n<p><img loading=\"lazy\" decoding=\"async\" class=\"aligncenter size-full wp-image-171507\" src=\"https:\/\/diarioregionaldigital.com.br\/wp-content\/uploads\/2020\/10\/anuncio33-scaled.jpg\" alt=\"\" width=\"2560\" height=\"935\" srcset=\"https:\/\/diarioregionaldigital.com.br\/wp-content\/uploads\/2020\/10\/anuncio33-scaled.jpg 2560w, https:\/\/diarioregionaldigital.com.br\/wp-content\/uploads\/2020\/10\/anuncio33-300x110.jpg 300w, https:\/\/diarioregionaldigital.com.br\/wp-content\/uploads\/2020\/10\/anuncio33-1024x374.jpg 1024w, https:\/\/diarioregionaldigital.com.br\/wp-content\/uploads\/2020\/10\/anuncio33-768x280.jpg 768w, https:\/\/diarioregionaldigital.com.br\/wp-content\/uploads\/2020\/10\/anuncio33-1536x561.jpg 1536w, https:\/\/diarioregionaldigital.com.br\/wp-content\/uploads\/2020\/10\/anuncio33-2048x748.jpg 2048w, https:\/\/diarioregionaldigital.com.br\/wp-content\/uploads\/2020\/10\/anuncio33-360x131.jpg 360w\" sizes=\"auto, (max-width: 2560px) 100vw, 2560px\" \/><\/p>\n","protected":false},"excerpt":{"rendered":"<p>Quartel General Homens de arte e cultura de Juiz de Fora participam da funda\u00e7\u00e3o da Associa\u00e7\u00e3o Cultural Castelinho dos Bracher, que tem como presidente Jos\u00e9 Alberto Pinho Neves e como secret\u00e1rio, Fernando Guilhon. Para o conselho de administra\u00e7\u00e3o foram convocados, Hugo Borges, Casimiro Baesso, Wilson Cid, Fl\u00e1vio Bellini e Jo\u00e3o Candido Portinari. Sa\u00fade Din\u00e2mico e [&hellip;]<\/p>\n","protected":false},"author":96,"featured_media":171486,"comment_status":"closed","ping_status":"closed","sticky":false,"template":"","format":"standard","meta":{"footnotes":""},"categories":[264],"tags":[],"class_list":["post-171506","post","type-post","status-publish","format-standard","has-post-thumbnail","hentry","category-eduardo-gomes"],"_links":{"self":[{"href":"https:\/\/diarioregionaldigital.com.br\/index.php?rest_route=\/wp\/v2\/posts\/171506","targetHints":{"allow":["GET"]}}],"collection":[{"href":"https:\/\/diarioregionaldigital.com.br\/index.php?rest_route=\/wp\/v2\/posts"}],"about":[{"href":"https:\/\/diarioregionaldigital.com.br\/index.php?rest_route=\/wp\/v2\/types\/post"}],"author":[{"embeddable":true,"href":"https:\/\/diarioregionaldigital.com.br\/index.php?rest_route=\/wp\/v2\/users\/96"}],"replies":[{"embeddable":true,"href":"https:\/\/diarioregionaldigital.com.br\/index.php?rest_route=%2Fwp%2Fv2%2Fcomments&post=171506"}],"version-history":[{"count":0,"href":"https:\/\/diarioregionaldigital.com.br\/index.php?rest_route=\/wp\/v2\/posts\/171506\/revisions"}],"wp:featuredmedia":[{"embeddable":true,"href":"https:\/\/diarioregionaldigital.com.br\/index.php?rest_route=\/wp\/v2\/media\/171486"}],"wp:attachment":[{"href":"https:\/\/diarioregionaldigital.com.br\/index.php?rest_route=%2Fwp%2Fv2%2Fmedia&parent=171506"}],"wp:term":[{"taxonomy":"category","embeddable":true,"href":"https:\/\/diarioregionaldigital.com.br\/index.php?rest_route=%2Fwp%2Fv2%2Fcategories&post=171506"},{"taxonomy":"post_tag","embeddable":true,"href":"https:\/\/diarioregionaldigital.com.br\/index.php?rest_route=%2Fwp%2Fv2%2Ftags&post=171506"}],"curies":[{"name":"wp","href":"https:\/\/api.w.org\/{rel}","templated":true}]}}