{"id":171501,"date":"2020-10-21T22:13:15","date_gmt":"2020-10-22T01:13:15","guid":{"rendered":"https:\/\/diarioregionaldigital.com.br\/?p=171501"},"modified":"2020-10-21T22:13:15","modified_gmt":"2020-10-22T01:13:15","slug":"covid-19-brasil-tem-24-818-novos-casos-em-24-horas","status":"publish","type":"post","link":"https:\/\/diarioregionaldigital.com.br\/?p=171501","title":{"rendered":"Covid-19: Brasil tem 24.818 novos casos em 24 horas"},"content":{"rendered":"<p>O boletim epidemiol\u00f3gico do Minist\u00e9rio da Sa\u00fade, divulgado na noite desta quarta-feira (21), mostra que em 24 horas, 24.818 novos diagn\u00f3sticos de covid-19 foram confirmados. Tamb\u00e9m foram registrados mais 566 \u00f3bitos.\u00a0<img decoding=\"async\" src=\"https:\/\/agenciabrasil.ebc.com.br\/ebc.png?id=1391254&amp;o=node\" \/><img decoding=\"async\" src=\"https:\/\/agenciabrasil.ebc.com.br\/ebc.gif?id=1391254&amp;o=node\" \/><\/p>\n<p>Desde o in\u00edcio da pandemia do novo coronav\u00edrus, o pa\u00eds contabilizou 5.298.772 casos confirmados de covid-19. At\u00e9 o momento,155.403 \u00f3bitos causados por essa doen\u00e7a foram registrados.<\/p>\n<p>Dados do minist\u00e9rio mostram que 4.756.489 brasileiros se recuperaram da doen\u00e7a. Atualmente, 386.880 pacientes est\u00e3o em tratamento.<\/p>\n<h2>SP ultrapassa 1,073 milh\u00e3o de casos de coronav\u00edrus<\/h2>\n<p>Balan\u00e7o divulgado na tarde de\u00a0hoje\u00a0(21) pela Secretaria estadual da Sa\u00fade informou que o estado de S\u00e3o Paulo tem, at\u00e9 este momento, 1.073.261 casos confirmados do novo coronav\u00edrus, com 38.371 mortes. Do total de casos diagnosticados, 965.058 pessoas j\u00e1 est\u00e3o recuperadas da doen\u00e7a.<\/p>\n<p>Atualmente, h\u00e1 7.287 pessoas internadas em todo o estado em casos suspeitos ou confirmados do novo coronav\u00edrus. Desse total, 3.184 pessoas est\u00e3o internadas em unidades de terapia intensiva (UTI). A taxa de ocupa\u00e7\u00e3o de leitos de UTI \u00e9 de 40,5% no estado, mesma taxa observada na Grande S\u00e3o Paulo.<\/p>\n<p><strong>Fonte:\u00a0<\/strong>Ag\u00eancia Brasil<\/p>\n","protected":false},"excerpt":{"rendered":"<p>O boletim epidemiol\u00f3gico do Minist\u00e9rio da Sa\u00fade, divulgado na noite desta quarta-feira (21), mostra que em 24 horas, 24.818 novos diagn\u00f3sticos de covid-19 foram confirmados. Tamb\u00e9m foram registrados mais 566 \u00f3bitos.\u00a0 Desde o in\u00edcio da pandemia do novo coronav\u00edrus, o pa\u00eds contabilizou 5.298.772 casos confirmados de covid-19. At\u00e9 o momento,155.403 \u00f3bitos causados por essa doen\u00e7a [&hellip;]<\/p>\n","protected":false},"author":96,"featured_media":171503,"comment_status":"closed","ping_status":"closed","sticky":false,"template":"","format":"standard","meta":{"footnotes":""},"categories":[302,436,439],"tags":[],"class_list":["post-171501","post","type-post","status-publish","format-standard","has-post-thumbnail","hentry","category-brasil-mundo","category-destaque-da-semana","category-ultima-hora"],"_links":{"self":[{"href":"https:\/\/diarioregionaldigital.com.br\/index.php?rest_route=\/wp\/v2\/posts\/171501","targetHints":{"allow":["GET"]}}],"collection":[{"href":"https:\/\/diarioregionaldigital.com.br\/index.php?rest_route=\/wp\/v2\/posts"}],"about":[{"href":"https:\/\/diarioregionaldigital.com.br\/index.php?rest_route=\/wp\/v2\/types\/post"}],"author":[{"embeddable":true,"href":"https:\/\/diarioregionaldigital.com.br\/index.php?rest_route=\/wp\/v2\/users\/96"}],"replies":[{"embeddable":true,"href":"https:\/\/diarioregionaldigital.com.br\/index.php?rest_route=%2Fwp%2Fv2%2Fcomments&post=171501"}],"version-history":[{"count":0,"href":"https:\/\/diarioregionaldigital.com.br\/index.php?rest_route=\/wp\/v2\/posts\/171501\/revisions"}],"wp:featuredmedia":[{"embeddable":true,"href":"https:\/\/diarioregionaldigital.com.br\/index.php?rest_route=\/wp\/v2\/media\/171503"}],"wp:attachment":[{"href":"https:\/\/diarioregionaldigital.com.br\/index.php?rest_route=%2Fwp%2Fv2%2Fmedia&parent=171501"}],"wp:term":[{"taxonomy":"category","embeddable":true,"href":"https:\/\/diarioregionaldigital.com.br\/index.php?rest_route=%2Fwp%2Fv2%2Fcategories&post=171501"},{"taxonomy":"post_tag","embeddable":true,"href":"https:\/\/diarioregionaldigital.com.br\/index.php?rest_route=%2Fwp%2Fv2%2Ftags&post=171501"}],"curies":[{"name":"wp","href":"https:\/\/api.w.org\/{rel}","templated":true}]}}