{"id":171485,"date":"2020-10-21T20:31:14","date_gmt":"2020-10-21T23:31:14","guid":{"rendered":"https:\/\/diarioregionaldigital.com.br\/?p=171485"},"modified":"2020-10-21T20:31:14","modified_gmt":"2020-10-21T23:31:14","slug":"tupi-e-derrotado-fora-de-casa-para-o-betim","status":"publish","type":"post","link":"https:\/\/diarioregionaldigital.com.br\/?p=171485","title":{"rendered":"Tupi \u00e9 derrotado fora de casa para o Betim"},"content":{"rendered":"<p><span style=\"font-weight: 400;\">Em jogo v\u00e1lido pela nona rodada do M\u00f3dulo II do Campeonato Mineiro, o Tupi foi derrotado por 1&#215;0, para a equipe do Betim, na tarde desta quarta-feira (21) na Arena Vera Cruz. Com o rev\u00e9s fora de casa, o Galo Carij\u00f3 caiu para a nona posi\u00e7\u00e3o, pr\u00f3ximo \u00e0 zona de rebaixamento e tem 9 pontos at\u00e9 ent\u00e3o. J\u00e1 a equipe do Betim entrou no G4 da competi\u00e7\u00e3o e agora tem 14 pontos conquistados.\u00a0<\/span><\/p>\n<p><span style=\"font-weight: 400;\">O pr\u00f3ximo compromisso do Tupi ser\u00e1 neste s\u00e1bado (24), diante do CAP Uberl\u00e2ndia, \u00e0s 16h00 no Est\u00e1dio Parque do Sabi\u00e1. O Betim volta \u00e0 campo no domingo (25), contra o l\u00edder Pouso Alegre, \u00e0s 15h30 no Manduz\u00e3o.<\/span><\/p>\n<p><b>Primeiro tempo<\/b><\/p>\n<p><span style=\"font-weight: 400;\">A primeira parte do jogo foi mais pegado, com ambas as equipes disputando por espa\u00e7os em um campo menor em rela\u00e7\u00e3o ao do Est\u00e1dio Municipal Radialista M\u00e1rio Hel\u00eanio. A primeira grande chance foi do Tupi, com o centroavante L\u00e9o Coca arriscando a finaliza\u00e7\u00e3o, por\u00e9m a bola foi na rede pelo lado de fora.\u00a0<\/span><\/p>\n<p><span style=\"font-weight: 400;\">No decorrer da etapa inicial da partida, os dois times cometeram muitos erros principalmente na intermedi\u00e1ria. O \u00fanico lance de perigo foi dos visitantes, onde Cassiano chutou rasteiro e obrigou o goleiro Jo\u00e3o Lucas a fazer defesa.\u00a0<\/span><\/p>\n<p><span style=\"font-weight: 400;\">Recuado em seu campo, o Tupi apostou no contra-ataque e tamb\u00e9m na velocidade do jogador Yan, por\u00e9m n\u00e3o conseguia concluir uma jogada. Apesar de cometer erros, o Alvinegro soube se defender bem e n\u00e3o levou muitos sustos do advers\u00e1rio. As duas equipes foram pro intervalo com 0x0 no placar.<\/span><\/p>\n<p><b>Segundo tempo<\/b><\/p>\n<p><span style=\"font-weight: 400;\">Na volta pro segundo tempo, a primeira grande oportunidade at\u00e9 ent\u00e3o foi do Tupi, logo aos 2 minutos, com L\u00e9o Coca chutando na entrada da \u00e1rea e obrigou o goleiro Luc\u00e3o a salvar a p\u00e1tria dos mandantes. A resposta do Betim foi imediata e na marca de 8 minutos, <\/span><span style=\"font-weight: 400;\">Hiwry cobrou falta no \u00e2ngulo direito de Jo\u00e3o Lucas, que fez grande defesa.\u00a0<\/span><\/p>\n<p><span style=\"font-weight: 400;\">O jogo teve reviravolta por conta da expuls\u00e3o de Thainler. O jogador cometeu falta pelo lado esquerdo do campo e recebeu o segundo cart\u00e3o amarelo, resultando consequentemente no vermelho. Aproveitando a vantagem num\u00e9rica, o Betim partiu pra cima e fez Jo\u00e3o Lucas trabalhar bastante.\u00a0<\/span><\/p>\n<p><span style=\"font-weight: 400;\">Diante da situa\u00e7\u00e3o cr\u00edtica, o t\u00e9cnico Roberval Davino colocou <\/span><span style=\"font-weight: 400;\">Gian e Renan Amorim no lugar de Yan e Regino, na tentativa de <\/span><span style=\"font-weight: 400;\">colocar o Carij\u00f3 na frente no marcador. O time apostou no contra-ataque e aos 23 minutos, os jogadores reclamaram de toque de m\u00e3o dentro da \u00e1rea advers\u00e1ria, entretanto o \u00e1rbitro n\u00e3o marcou p\u00eanalti.\u00a0<\/span><\/p>\n<p><span style=\"font-weight: 400;\">A partida ficou ainda mais dram\u00e1tica para o time juiz-forano, que passou a ter nove em campo, por conta da les\u00e3o de Gian e tamb\u00e9m pelo fato de todas as substitui\u00e7\u00f5es j\u00e1 terem sido feitas. Na marca dos 28 minutos, Felipinho chutou de longa dist\u00e2ncia e mandou a bola no \u00e2ngulo, sem chances para Jo\u00e3o Lucas, colocando o Betim em vantagem no placar por 1&#215;0.<\/span><\/p>\n<p><span style=\"font-weight: 400;\">Ap\u00f3s o lance, o time da casa se preocupou mais em trabalhar com a bola no campo de ataque, enquanto que o Alvinegro manteve-se recuado. A partida terminou com triunfo dos mandantes.<\/span><\/p>\n","protected":false},"excerpt":{"rendered":"<p>Em jogo v\u00e1lido pela nona rodada do M\u00f3dulo II do Campeonato Mineiro, o Tupi foi derrotado por 1&#215;0, para a equipe do Betim, na tarde desta quarta-feira (21) na Arena Vera Cruz. Com o rev\u00e9s fora de casa, o Galo Carij\u00f3 caiu para a nona posi\u00e7\u00e3o, pr\u00f3ximo \u00e0 zona de rebaixamento e tem 9 pontos [&hellip;]<\/p>\n","protected":false},"author":96,"featured_media":171496,"comment_status":"closed","ping_status":"closed","sticky":false,"template":"","format":"standard","meta":{"footnotes":""},"categories":[436,257,439],"tags":[],"class_list":["post-171485","post","type-post","status-publish","format-standard","has-post-thumbnail","hentry","category-destaque-da-semana","category-esporte","category-ultima-hora"],"_links":{"self":[{"href":"https:\/\/diarioregionaldigital.com.br\/index.php?rest_route=\/wp\/v2\/posts\/171485","targetHints":{"allow":["GET"]}}],"collection":[{"href":"https:\/\/diarioregionaldigital.com.br\/index.php?rest_route=\/wp\/v2\/posts"}],"about":[{"href":"https:\/\/diarioregionaldigital.com.br\/index.php?rest_route=\/wp\/v2\/types\/post"}],"author":[{"embeddable":true,"href":"https:\/\/diarioregionaldigital.com.br\/index.php?rest_route=\/wp\/v2\/users\/96"}],"replies":[{"embeddable":true,"href":"https:\/\/diarioregionaldigital.com.br\/index.php?rest_route=%2Fwp%2Fv2%2Fcomments&post=171485"}],"version-history":[{"count":0,"href":"https:\/\/diarioregionaldigital.com.br\/index.php?rest_route=\/wp\/v2\/posts\/171485\/revisions"}],"wp:featuredmedia":[{"embeddable":true,"href":"https:\/\/diarioregionaldigital.com.br\/index.php?rest_route=\/wp\/v2\/media\/171496"}],"wp:attachment":[{"href":"https:\/\/diarioregionaldigital.com.br\/index.php?rest_route=%2Fwp%2Fv2%2Fmedia&parent=171485"}],"wp:term":[{"taxonomy":"category","embeddable":true,"href":"https:\/\/diarioregionaldigital.com.br\/index.php?rest_route=%2Fwp%2Fv2%2Fcategories&post=171485"},{"taxonomy":"post_tag","embeddable":true,"href":"https:\/\/diarioregionaldigital.com.br\/index.php?rest_route=%2Fwp%2Fv2%2Ftags&post=171485"}],"curies":[{"name":"wp","href":"https:\/\/api.w.org\/{rel}","templated":true}]}}