{"id":171482,"date":"2020-10-21T18:46:58","date_gmt":"2020-10-21T21:46:58","guid":{"rendered":"https:\/\/diarioregionaldigital.com.br\/?p=171482"},"modified":"2020-10-21T18:46:58","modified_gmt":"2020-10-21T21:46:58","slug":"taxa-de-incidencia-do-coronavirus-cai-32-no-estado-e-regioes-oeste-sul-e-leste-avancam-para-onda-verde-do-minas-consciente","status":"publish","type":"post","link":"https:\/\/diarioregionaldigital.com.br\/?p=171482","title":{"rendered":"Taxa de incid\u00eancia do coronav\u00edrus cai 32% no estado e regi\u00f5es Oeste, Sul e Leste avan\u00e7am para onda verde do Minas Consciente"},"content":{"rendered":"<p>A taxa que mede a incid\u00eancia do coronav\u00edrus em Minas Gerais caiu 32% nos \u00faltimos 14 dias, conforme dados levantados pela\u00a0<a href=\"http:\/\/www.saude.mg.gov.br\/\" target=\"_blank\" rel=\"noopener noreferrer\">Secretaria de Estado de Sa\u00fade (SES-MG)<\/a>. A informa\u00e7\u00e3o foi divulgada nesta quarta-feira (21\/10) durante reuni\u00e3o do Comit\u00ea Extraordin\u00e1rio Covid-19, grupo de trabalho e enfrentamento \u00e0 pandemia.<\/p>\n<p>Diante da melhora, e considerando indicadores como taxa de ocupa\u00e7\u00e3o de leitos e casos por n\u00famero de habitantes, o grupo autorizou o avan\u00e7o das macrorregi\u00f5es de Sa\u00fade\u00a0<a href=\"http:\/\/www.agenciaminas.mg.gov.br\/ckeditor_assets\/attachments\/8144\/09_-_regional_oeste.pdf\" target=\"_blank\" rel=\"noopener noreferrer\">Oeste<\/a>,\u00a0<a href=\"http:\/\/www.agenciaminas.mg.gov.br\/ckeditor_assets\/attachments\/8146\/11_-_regional_sul.pdf\" target=\"_blank\" rel=\"noopener noreferrer\">Sul<\/a>\u00a0e\u00a0<a href=\"http:\/\/www.agenciaminas.mg.gov.br\/ckeditor_assets\/attachments\/8139\/04_-_regional_leste.pdf\" target=\"_blank\" rel=\"noopener noreferrer\">Leste<\/a>\u00a0para a onda verde do\u00a0<a href=\"http:\/\/www.mg.gov.br\/minasconsciente\" target=\"_blank\" rel=\"noopener noreferrer\">Minas Consciente<\/a>. Poder\u00e3o ser reabertos estabelecimentos como parques naturais, de divers\u00e3o, cinemas, teatros e bares com m\u00fasica com ao vivo, desde que sejam seguidas as regras de higiene, distanciamento e lota\u00e7\u00e3o m\u00e1xima.<\/p>\n<p><strong>Cautela<\/strong><\/p>\n<p>J\u00e1 as regi\u00f5es\u00a0<a href=\"http:\/\/www.agenciaminas.mg.gov.br\/ckeditor_assets\/attachments\/8147\/12_-_regional_triangulo_norte.pdf\" target=\"_blank\" rel=\"noopener noreferrer\">Tri\u00e2ngulo do Norte<\/a>\u00a0e\u00a0<a href=\"http:\/\/www.agenciaminas.mg.gov.br\/ckeditor_assets\/attachments\/8148\/13_-_regional_triangulo_sul.pdf\" target=\"_blank\" rel=\"noopener noreferrer\">Tri\u00e2ngulo do Sul<\/a>\u00a0apresentaram piora nos indicadores e, para evitar a sobrecarga do sistema de Sa\u00fade, o Comit\u00ea optou pela regress\u00e3o para a onda amarela.<\/p>\n<p>O secret\u00e1rio de Sa\u00fade, o m\u00e9dico Carlos Eduardo Amaral, ressaltou que, apesar de a maioria do territ\u00f3rio estadual estar em uma condi\u00e7\u00e3o melhor em rela\u00e7\u00e3o ao v\u00edrus, ainda \u00e9 preciso ter cuidado para que a doen\u00e7a n\u00e3o volte a ganhar for\u00e7a.<\/p>\n<p>\u201cCom uma flexibiliza\u00e7\u00e3o maior da sociedade, com as pessoas podendo sair para trabalhar e conviver mais pr\u00f3ximas, \u00e9 fundamental que se mantenha o distanciamento e a higieniza\u00e7\u00e3o e que se utilize a m\u00e1scara. \u00c9 isso que vai garantir que n\u00f3s, a cada dia, venhamos a progredir para a onda verde e retornar com seguran\u00e7a ao novo normal\u201d, disse.<\/p>\n<p><strong>Fonte:\u00a0<\/strong>Ag\u00eancia Minas<\/p>\n","protected":false},"excerpt":{"rendered":"<p>A taxa que mede a incid\u00eancia do coronav\u00edrus em Minas Gerais caiu 32% nos \u00faltimos 14 dias, conforme dados levantados pela\u00a0Secretaria de Estado de Sa\u00fade (SES-MG). A informa\u00e7\u00e3o foi divulgada nesta quarta-feira (21\/10) durante reuni\u00e3o do Comit\u00ea Extraordin\u00e1rio Covid-19, grupo de trabalho e enfrentamento \u00e0 pandemia. Diante da melhora, e considerando indicadores como taxa de [&hellip;]<\/p>\n","protected":false},"author":96,"featured_media":171483,"comment_status":"closed","ping_status":"closed","sticky":false,"template":"","format":"standard","meta":{"footnotes":""},"categories":[436,254,439],"tags":[],"class_list":["post-171482","post","type-post","status-publish","format-standard","has-post-thumbnail","hentry","category-destaque-da-semana","category-politica","category-ultima-hora"],"_links":{"self":[{"href":"https:\/\/diarioregionaldigital.com.br\/index.php?rest_route=\/wp\/v2\/posts\/171482","targetHints":{"allow":["GET"]}}],"collection":[{"href":"https:\/\/diarioregionaldigital.com.br\/index.php?rest_route=\/wp\/v2\/posts"}],"about":[{"href":"https:\/\/diarioregionaldigital.com.br\/index.php?rest_route=\/wp\/v2\/types\/post"}],"author":[{"embeddable":true,"href":"https:\/\/diarioregionaldigital.com.br\/index.php?rest_route=\/wp\/v2\/users\/96"}],"replies":[{"embeddable":true,"href":"https:\/\/diarioregionaldigital.com.br\/index.php?rest_route=%2Fwp%2Fv2%2Fcomments&post=171482"}],"version-history":[{"count":0,"href":"https:\/\/diarioregionaldigital.com.br\/index.php?rest_route=\/wp\/v2\/posts\/171482\/revisions"}],"wp:featuredmedia":[{"embeddable":true,"href":"https:\/\/diarioregionaldigital.com.br\/index.php?rest_route=\/wp\/v2\/media\/171483"}],"wp:attachment":[{"href":"https:\/\/diarioregionaldigital.com.br\/index.php?rest_route=%2Fwp%2Fv2%2Fmedia&parent=171482"}],"wp:term":[{"taxonomy":"category","embeddable":true,"href":"https:\/\/diarioregionaldigital.com.br\/index.php?rest_route=%2Fwp%2Fv2%2Fcategories&post=171482"},{"taxonomy":"post_tag","embeddable":true,"href":"https:\/\/diarioregionaldigital.com.br\/index.php?rest_route=%2Fwp%2Fv2%2Ftags&post=171482"}],"curies":[{"name":"wp","href":"https:\/\/api.w.org\/{rel}","templated":true}]}}