{"id":171479,"date":"2020-10-21T18:39:02","date_gmt":"2020-10-21T21:39:02","guid":{"rendered":"https:\/\/diarioregionaldigital.com.br\/?p=171479"},"modified":"2020-10-21T18:39:02","modified_gmt":"2020-10-21T21:39:02","slug":"demlurb-revoga-tres-editais-de-contratacoes-temporarias","status":"publish","type":"post","link":"https:\/\/diarioregionaldigital.com.br\/?p=171479","title":{"rendered":"Demlurb revoga tr\u00eas editais de contrata\u00e7\u00f5es tempor\u00e1rias"},"content":{"rendered":"<p><span style=\"font-weight: 400;\">O Departamento Municipal de Limpeza Urbana (Demlurb), junto com a Procuradoria-Geral do Munic\u00edpio de Juiz de Fora, revogou tr\u00eas editais referentes \u00e0 contrata\u00e7\u00f5es tempor\u00e1rias, ap\u00f3s surgir suspeitas de irregularidades na exig\u00eancia de documentos a candidatos no ato da inscri\u00e7\u00e3o.\u00a0<\/span><\/p>\n<p><span style=\"font-weight: 400;\">Os editais citados s\u00e3o referentes ao processo seletivo para os cargos de auxiliares de servi\u00e7os, operadores de m\u00e1quinas e motoristas de ve\u00edculos pesados. Os documentos haviam sido publicados no \u00faltimo dia 25 do m\u00eas passado. Por conta disso, todos os resultados das etapas passadas dos referidos processos seletivos, ser\u00e3o anulados pelo Munic\u00edpio.<\/span><\/p>\n<p><span style=\"font-weight: 400;\">A decis\u00e3o de anular o processo, foi tomada durante uma reuni\u00e3o realizada na noite de ter\u00e7a-feira (20), com representantes do Minist\u00e9rio P\u00fablico de Minas Gerais (MPMG) e do Sindicato dos Servidores P\u00fablicos Municipais de Juiz de Fora (Sinserpu). De acordo com o presidente do Sindicato, Francisco Carlos da Silva, houve relatos de que alguns candidatos estavam sendo exclu\u00eddos da seletiva, por erraram algum detalhe durante o ato de inscri\u00e7\u00e3o.<\/span><\/p>\n<p><span style=\"font-weight: 400;\">Durante o encontro, o Demlurb, Sindicato e Promotoria de Justi\u00e7a, concordaram em republicar os editais na \u00edntegra e com direito a retifica\u00e7\u00e3o para inserir as exig\u00eancias apresentadas de documentos de regularidade eleitoral e de reservista somente no momento da contrata\u00e7\u00e3o. Quanto ao documento de qualifica\u00e7\u00e3o t\u00e9cnica, este deve ser apresentado j\u00e1 na inscri\u00e7\u00e3o.<\/span><\/p>\n<p><span style=\"font-weight: 400;\">O Sinserpu informa que os novos editais devem ser publicados em at\u00e9 72 horas e os candidatos poder\u00e3o se inscrever daqui 5 dias, \u201cNessa nova etapa o Sindicato orienta aos candidatos que se inscrevam com calma. As inscri\u00e7\u00f5es continuam pela internet e por isso \u00e9 muito importante que se observe o endere\u00e7o do e-mail correspondente ao cargo pretendido\u201d.<\/span><\/p>\n","protected":false},"excerpt":{"rendered":"<p>O Departamento Municipal de Limpeza Urbana (Demlurb), junto com a Procuradoria-Geral do Munic\u00edpio de Juiz de Fora, revogou tr\u00eas editais referentes \u00e0 contrata\u00e7\u00f5es tempor\u00e1rias, ap\u00f3s surgir suspeitas de irregularidades na exig\u00eancia de documentos a candidatos no ato da inscri\u00e7\u00e3o.\u00a0 Os editais citados s\u00e3o referentes ao processo seletivo para os cargos de auxiliares de servi\u00e7os, operadores [&hellip;]<\/p>\n","protected":false},"author":96,"featured_media":171480,"comment_status":"closed","ping_status":"closed","sticky":false,"template":"","format":"standard","meta":{"footnotes":""},"categories":[253,436,439],"tags":[],"class_list":["post-171479","post","type-post","status-publish","format-standard","has-post-thumbnail","hentry","category-cidade","category-destaque-da-semana","category-ultima-hora"],"_links":{"self":[{"href":"https:\/\/diarioregionaldigital.com.br\/index.php?rest_route=\/wp\/v2\/posts\/171479","targetHints":{"allow":["GET"]}}],"collection":[{"href":"https:\/\/diarioregionaldigital.com.br\/index.php?rest_route=\/wp\/v2\/posts"}],"about":[{"href":"https:\/\/diarioregionaldigital.com.br\/index.php?rest_route=\/wp\/v2\/types\/post"}],"author":[{"embeddable":true,"href":"https:\/\/diarioregionaldigital.com.br\/index.php?rest_route=\/wp\/v2\/users\/96"}],"replies":[{"embeddable":true,"href":"https:\/\/diarioregionaldigital.com.br\/index.php?rest_route=%2Fwp%2Fv2%2Fcomments&post=171479"}],"version-history":[{"count":0,"href":"https:\/\/diarioregionaldigital.com.br\/index.php?rest_route=\/wp\/v2\/posts\/171479\/revisions"}],"wp:featuredmedia":[{"embeddable":true,"href":"https:\/\/diarioregionaldigital.com.br\/index.php?rest_route=\/wp\/v2\/media\/171480"}],"wp:attachment":[{"href":"https:\/\/diarioregionaldigital.com.br\/index.php?rest_route=%2Fwp%2Fv2%2Fmedia&parent=171479"}],"wp:term":[{"taxonomy":"category","embeddable":true,"href":"https:\/\/diarioregionaldigital.com.br\/index.php?rest_route=%2Fwp%2Fv2%2Fcategories&post=171479"},{"taxonomy":"post_tag","embeddable":true,"href":"https:\/\/diarioregionaldigital.com.br\/index.php?rest_route=%2Fwp%2Fv2%2Ftags&post=171479"}],"curies":[{"name":"wp","href":"https:\/\/api.w.org\/{rel}","templated":true}]}}