{"id":171476,"date":"2020-10-21T18:23:43","date_gmt":"2020-10-21T21:23:43","guid":{"rendered":"https:\/\/diarioregionaldigital.com.br\/?p=171476"},"modified":"2020-10-21T18:23:43","modified_gmt":"2020-10-21T21:23:43","slug":"boletim-da-prefeitura-indica-94-novos-casos-de-coronavirus-no-municipio","status":"publish","type":"post","link":"https:\/\/diarioregionaldigital.com.br\/?p=171476","title":{"rendered":"Boletim da Prefeitura indica 94 novos casos de Coronav\u00edrus no munic\u00edpio"},"content":{"rendered":"<p><span style=\"font-weight: 400;\">A Secretaria de Sa\u00fade (SS) da Prefeitura de Juiz de Fora (PJF), divulgou nesta quarta-feira (21), o novo boletim epidemiol\u00f3gico referente ao Coronav\u00edrus. Os dados apontam que nas \u00faltimas 24h, o munic\u00edpio registrou mais 94 pessoas infectadas, acumulando 6.807 casos confirmados.<\/span><\/p>\n<p><span style=\"font-weight: 400;\">Conforme o levantamento, foi mais registrado mais um \u00f3bito, totalizando 253 mortes. A v\u00edtima era um homem de 44 anos, que morreu na ter\u00e7a-feira (20). Como comorbidades, ele apresentava Doen\u00e7a Cardiovascular Cr\u00f4nica (DCC), Doen\u00e7a Renal Cr\u00f4nica (DRC) e obesidade. Segundo os dados, 169 novas suspeitas foram registradas, acumulando 24.453.<\/span><\/p>\n<p><b>Leitos\u00a0<\/b><\/p>\n<p><span style=\"font-weight: 400;\">Segundo informa\u00e7\u00f5es da PJF, os leitos de enfermaria est\u00e3o com 61,08% de ocupa\u00e7\u00e3o. J\u00e1 os os leitos de UTI e SUS, est\u00e3o com taxa de 76,98% e 68,79% respectivamente.<\/span><\/p>\n<p><b>Isolamento social<\/b><\/p>\n<p><span style=\"font-weight: 400;\">Conforme os dados divulgados pela Prefeitura, o munic\u00edpio apresenta taxa de isolamento social em 49,11%, cuja m\u00e9dia \u00e9 dos \u00faltimos sete dias. O valor continua superior \u00e0 taxa registrada em Minas Gerais, que \u00e9 de 48,11%.<\/span><\/p>\n<p>&nbsp;<\/p>\n","protected":false},"excerpt":{"rendered":"<p>A Secretaria de Sa\u00fade (SS) da Prefeitura de Juiz de Fora (PJF), divulgou nesta quarta-feira (21), o novo boletim epidemiol\u00f3gico referente ao Coronav\u00edrus. Os dados apontam que nas \u00faltimas 24h, o munic\u00edpio registrou mais 94 pessoas infectadas, acumulando 6.807 casos confirmados. Conforme o levantamento, foi mais registrado mais um \u00f3bito, totalizando 253 mortes. A v\u00edtima [&hellip;]<\/p>\n","protected":false},"author":96,"featured_media":171477,"comment_status":"closed","ping_status":"closed","sticky":false,"template":"","format":"standard","meta":{"footnotes":""},"categories":[253,436,440,439],"tags":[],"class_list":["post-171476","post","type-post","status-publish","format-standard","has-post-thumbnail","hentry","category-cidade","category-destaque-da-semana","category-destaques-do-dia","category-ultima-hora"],"_links":{"self":[{"href":"https:\/\/diarioregionaldigital.com.br\/index.php?rest_route=\/wp\/v2\/posts\/171476","targetHints":{"allow":["GET"]}}],"collection":[{"href":"https:\/\/diarioregionaldigital.com.br\/index.php?rest_route=\/wp\/v2\/posts"}],"about":[{"href":"https:\/\/diarioregionaldigital.com.br\/index.php?rest_route=\/wp\/v2\/types\/post"}],"author":[{"embeddable":true,"href":"https:\/\/diarioregionaldigital.com.br\/index.php?rest_route=\/wp\/v2\/users\/96"}],"replies":[{"embeddable":true,"href":"https:\/\/diarioregionaldigital.com.br\/index.php?rest_route=%2Fwp%2Fv2%2Fcomments&post=171476"}],"version-history":[{"count":0,"href":"https:\/\/diarioregionaldigital.com.br\/index.php?rest_route=\/wp\/v2\/posts\/171476\/revisions"}],"wp:featuredmedia":[{"embeddable":true,"href":"https:\/\/diarioregionaldigital.com.br\/index.php?rest_route=\/wp\/v2\/media\/171477"}],"wp:attachment":[{"href":"https:\/\/diarioregionaldigital.com.br\/index.php?rest_route=%2Fwp%2Fv2%2Fmedia&parent=171476"}],"wp:term":[{"taxonomy":"category","embeddable":true,"href":"https:\/\/diarioregionaldigital.com.br\/index.php?rest_route=%2Fwp%2Fv2%2Fcategories&post=171476"},{"taxonomy":"post_tag","embeddable":true,"href":"https:\/\/diarioregionaldigital.com.br\/index.php?rest_route=%2Fwp%2Fv2%2Ftags&post=171476"}],"curies":[{"name":"wp","href":"https:\/\/api.w.org\/{rel}","templated":true}]}}