{"id":171473,"date":"2020-10-21T18:13:23","date_gmt":"2020-10-21T21:13:23","guid":{"rendered":"https:\/\/diarioregionaldigital.com.br\/?p=171473"},"modified":"2020-10-21T18:13:23","modified_gmt":"2020-10-21T21:13:23","slug":"tecnica-pia-sundhage-comanda-selecao-feminina-em-primeiro-treino-em-portugal","status":"publish","type":"post","link":"https:\/\/diarioregionaldigital.com.br\/?p=171473","title":{"rendered":"T\u00e9cnica Pia Sundhage comanda Sele\u00e7\u00e3o Feminina em primeiro treino em Portugal"},"content":{"rendered":"<p><span style=\"font-weight: 400;\">Visando a prepara\u00e7\u00e3o para os Jogos Ol\u00edmpicos de T\u00f3quio 2020 (adiados para o pr\u00f3ximo ano), a t\u00e9cnica da Sele\u00e7\u00e3o Feminina, Pia Sundhage, comandou o primeiro treino do time, durante estadia na cidade de Portim\u00e3o em Portugal.<\/span><\/p>\n<p><span style=\"font-weight: 400;\">Esta \u00e9 a primeira vez que a treinadora trabalha com jogadoras que atuam nos Estados Unidos, Europa e China, desde o Torneio Internacional da Fran\u00e7a, realizado no m\u00eas de mar\u00e7o. Em setembro, as atletas se reapresentaram na Granja Comary em Teres\u00f3polis-RJ, desde o in\u00edcio da pandemia do Coronav\u00edrus.<\/span><\/p>\n<p><span style=\"font-weight: 400;\">Na nova lista de convocadas, Pia conta com oito novidades: as meias Giovanna, La\u00eds e Ana Vit\u00f3ria, a atacante Mylena, sendo estas estreantes na Sele\u00e7\u00e3o Principal, al\u00e9m da goleira Daniele, a defensora Rayanne, e as atacantes Nycole e Val\u00e9ria. A proposta da treinadora do time \u00e9 conhecer ainda mais as jogadoras brasileiras e ampliar o n\u00famero de selecion\u00e1veis no radar da comiss\u00e3o t\u00e9cnica.\u00a0<\/span><\/p>\n<p><b>Atividades<\/b><\/p>\n<p><span style=\"font-weight: 400;\">Nas primeiras sess\u00f5es de treinamentos em Portugal, a comiss\u00e3o elaborou uma programa\u00e7\u00e3o de treinos e reuni\u00f5es para otimizar o per\u00edodo de convoca\u00e7\u00e3o.\u00a0<\/span><\/p>\n<p><span style=\"font-weight: 400;\">No in\u00edcio das atividades, Pia comandou um trabalho de quebra da linha defensiva, desafiando as jogadoras a criarem alternativas de passe. Posteriormente foi realizado um jogo coletivo em campo reduzido e, na etapa final, as atletas fizeram treinos de finaliza\u00e7\u00e3o.<\/span><\/p>\n<p><span style=\"font-weight: 400;\">A Sele\u00e7\u00e3o Brasileira ficar\u00e1 concentrada no Hotel Penina, em Portim\u00e3o, at\u00e9 o pr\u00f3ximo dia 27, per\u00edodo de Data FIFA. Por conta do protocolo estabelecido pela Comiss\u00e3o M\u00e9dica Especial da CBF, n\u00e3o haver\u00e1 cobertura presencial da imprensa nos treinamentos<\/span><\/p>\n","protected":false},"excerpt":{"rendered":"<p>Visando a prepara\u00e7\u00e3o para os Jogos Ol\u00edmpicos de T\u00f3quio 2020 (adiados para o pr\u00f3ximo ano), a t\u00e9cnica da Sele\u00e7\u00e3o Feminina, Pia Sundhage, comandou o primeiro treino do time, durante estadia na cidade de Portim\u00e3o em Portugal. Esta \u00e9 a primeira vez que a treinadora trabalha com jogadoras que atuam nos Estados Unidos, Europa e China, [&hellip;]<\/p>\n","protected":false},"author":96,"featured_media":171474,"comment_status":"closed","ping_status":"closed","sticky":false,"template":"","format":"standard","meta":{"footnotes":""},"categories":[436,257,439],"tags":[],"class_list":["post-171473","post","type-post","status-publish","format-standard","has-post-thumbnail","hentry","category-destaque-da-semana","category-esporte","category-ultima-hora"],"_links":{"self":[{"href":"https:\/\/diarioregionaldigital.com.br\/index.php?rest_route=\/wp\/v2\/posts\/171473","targetHints":{"allow":["GET"]}}],"collection":[{"href":"https:\/\/diarioregionaldigital.com.br\/index.php?rest_route=\/wp\/v2\/posts"}],"about":[{"href":"https:\/\/diarioregionaldigital.com.br\/index.php?rest_route=\/wp\/v2\/types\/post"}],"author":[{"embeddable":true,"href":"https:\/\/diarioregionaldigital.com.br\/index.php?rest_route=\/wp\/v2\/users\/96"}],"replies":[{"embeddable":true,"href":"https:\/\/diarioregionaldigital.com.br\/index.php?rest_route=%2Fwp%2Fv2%2Fcomments&post=171473"}],"version-history":[{"count":0,"href":"https:\/\/diarioregionaldigital.com.br\/index.php?rest_route=\/wp\/v2\/posts\/171473\/revisions"}],"wp:featuredmedia":[{"embeddable":true,"href":"https:\/\/diarioregionaldigital.com.br\/index.php?rest_route=\/wp\/v2\/media\/171474"}],"wp:attachment":[{"href":"https:\/\/diarioregionaldigital.com.br\/index.php?rest_route=%2Fwp%2Fv2%2Fmedia&parent=171473"}],"wp:term":[{"taxonomy":"category","embeddable":true,"href":"https:\/\/diarioregionaldigital.com.br\/index.php?rest_route=%2Fwp%2Fv2%2Fcategories&post=171473"},{"taxonomy":"post_tag","embeddable":true,"href":"https:\/\/diarioregionaldigital.com.br\/index.php?rest_route=%2Fwp%2Fv2%2Ftags&post=171473"}],"curies":[{"name":"wp","href":"https:\/\/api.w.org\/{rel}","templated":true}]}}