{"id":171467,"date":"2020-10-21T16:55:46","date_gmt":"2020-10-21T19:55:46","guid":{"rendered":"https:\/\/diarioregionaldigital.com.br\/?p=171467"},"modified":"2020-10-21T16:55:46","modified_gmt":"2020-10-21T19:55:46","slug":"funalfa-divulga-resultado-das-eleicoes-do-concult","status":"publish","type":"post","link":"https:\/\/diarioregionaldigital.com.br\/?p=171467","title":{"rendered":"Funalfa divulga resultado das elei\u00e7\u00f5es do Concult"},"content":{"rendered":"<div id=\"box_texto_noticia\">A elei\u00e7\u00e3o do Conselho Municipal de Cultura (Concult), realizada nos dias 18 e 19 de outubro, teve 402 votos v\u00e1lidos. Os 12 segmentos art\u00edsticos &#8211; Artes C\u00eanicas, Artes Urbanas, Artes Visuais, Audiovisual, Cultura Popular, Dan\u00e7a, Etnias, Literatura, M\u00fasica, Patrim\u00f4nio e Entidades Privadas &#8211; est\u00e3o representados, mas seis deles (confira abaixo) t\u00eam apenas os titulares. Conforme a comiss\u00e3o eleitoral, nesses casos, caber\u00e1 ao novo conselho definir como ser\u00e3o preenchidas as vagas abertas.<\/p>\n<p>Os novos conselheiros s\u00e3o representantes da classe art\u00edstica, entre pessoas f\u00edsicas e entidades privadas, com mandato de dois anos. Eles ser\u00e3o empossados em cerim\u00f4nia virtual, prevista o dia 26 de outubro, a ser convocada pela Presid\u00eancia do Concult, por meio de aviso p\u00fablico, que deve ser publicado no Portal da Prefeitura de Juiz de Fora (<a href=\"https:\/\/www.pjf.mg.gov.br\/\">pjf.mg.gov.br<\/a>).<\/p>\n<p>O Concult \u00e9 um grupo parit\u00e1rio, com metade dos representantes da classe art\u00edstica e metade do poder p\u00fablico. Ele tem a fun\u00e7\u00e3o de buscar alternativas e solu\u00e7\u00f5es para o mais justo, eficiente e democr\u00e1tico direcionamento das pol\u00edticas p\u00fablicas de cultura em Juiz de Fora.<\/p>\n<p><b>:: Conselheiros eleitos por \u00e1rea ::<\/b><\/p>\n<p><b>Teatro<\/b><br \/>\nFernando Cust\u00f3dio Val\u00e9rio &#8211; 57 votos &#8211; Titular<br \/>\nWanderlei Marques Faini (Lelei Faini) &#8211; 36 votos &#8211; Suplente<\/p>\n<p><b>Artes Urbanas<\/b><br \/>\nWenderson Marcelino (Zang\u00e3o) &#8211; 12 votos &#8211; Titular<\/p>\n<p><b>Artes Visuais<\/b><br \/>\nHenrique Marques Lott &#8211; 18 votos &#8211; Titular<br \/>\nVin\u00edcius Moreira Steinbach &#8211; 14 votos &#8211; Suplente<\/p>\n<p><b>Audiovisual<\/b><br \/>\nAna Carolina Onofre de Almeida ( Anna Onofre) &#8211; 8 votos &#8211; Titular<\/p>\n<p><b>Carnaval<\/b><br \/>\nMaria das Gra\u00e7as de Castro &#8211; 5 votos &#8211; Titular<\/p>\n<p><b>Cultura Popular<\/b><br \/>\nGuilherme Imbroisi Rocha &#8211; 24 votos &#8211; Titular<br \/>\nMarcos de Oliveira (Marcos Languange) &#8211; 8 votos &#8211; Suplente<\/p>\n<p><b>Dan\u00e7a<\/b><br \/>\nEdna Christina Silva (Christine Silmor) &#8211; 25 votos &#8211; Titular<br \/>\nRaul de Oliveira Magalh\u00e3es &#8211; 11 votos &#8211; Suplente<\/p>\n<p><b>Etnias<\/b><br \/>\nSalcio Del Duca &#8211; 2 votos &#8211; Titular<\/p>\n<p><b>Literatura<\/b><br \/>\nAnt\u00f4nio Carlos Lemos Ferreira &#8211; 18 votos &#8211; Titular<br \/>\n1 voto em branco (somente na \u00e1rea)<\/p>\n<p><b>M\u00fasica<\/b><br \/>\nHenrique Oliveira Guilhem (Rick Guilhem) &#8211; 42 votos &#8211; Titular<br \/>\nSilv\u00e2nia Cristina de Andrade (Sil Andrade) &#8211; 36 votos &#8211; Suplente<\/p>\n<p><b>Patrim\u00f4nio<\/b><br \/>\nFabr\u00edcio da Silva Fernandes &#8211; 12 votos &#8211; Titular<\/p>\n<p><b>Entidades Privadas<\/b><\/p>\n<p>Associa\u00e7\u00e3o Luso Brasileira (ACLB)<br \/>\nRepresentante: \u00c9ric Meireles de Andrade &#8211; 49 votos &#8211; Titular<\/p>\n<p>Associa\u00e7\u00e3o Cultural Arte e Vida (Acav)<br \/>\nRepresentante: Andr\u00e9 Noronha Ferreira &#8211; 24 votos &#8211; Suplente<\/p>\n<\/div>\n<div><strong>Fonte:\u00a0<\/strong>Assessoria<\/div>\n<p>&nbsp;<\/p>\n<div id=\"box_compartilhar\" align=\"right\"><\/div>\n","protected":false},"excerpt":{"rendered":"<p>A elei\u00e7\u00e3o do Conselho Municipal de Cultura (Concult), realizada nos dias 18 e 19 de outubro, teve 402 votos v\u00e1lidos. Os 12 segmentos art\u00edsticos &#8211; Artes C\u00eanicas, Artes Urbanas, Artes Visuais, Audiovisual, Cultura Popular, Dan\u00e7a, Etnias, Literatura, M\u00fasica, Patrim\u00f4nio e Entidades Privadas &#8211; est\u00e3o representados, mas seis deles (confira abaixo) t\u00eam apenas os titulares. Conforme [&hellip;]<\/p>\n","protected":false},"author":96,"featured_media":171468,"comment_status":"closed","ping_status":"closed","sticky":false,"template":"","format":"standard","meta":{"footnotes":""},"categories":[256,436,262,439],"tags":[],"class_list":["post-171467","post","type-post","status-publish","format-standard","has-post-thumbnail","hentry","category-cultura","category-destaque-da-semana","category-noticias","category-ultima-hora"],"_links":{"self":[{"href":"https:\/\/diarioregionaldigital.com.br\/index.php?rest_route=\/wp\/v2\/posts\/171467","targetHints":{"allow":["GET"]}}],"collection":[{"href":"https:\/\/diarioregionaldigital.com.br\/index.php?rest_route=\/wp\/v2\/posts"}],"about":[{"href":"https:\/\/diarioregionaldigital.com.br\/index.php?rest_route=\/wp\/v2\/types\/post"}],"author":[{"embeddable":true,"href":"https:\/\/diarioregionaldigital.com.br\/index.php?rest_route=\/wp\/v2\/users\/96"}],"replies":[{"embeddable":true,"href":"https:\/\/diarioregionaldigital.com.br\/index.php?rest_route=%2Fwp%2Fv2%2Fcomments&post=171467"}],"version-history":[{"count":0,"href":"https:\/\/diarioregionaldigital.com.br\/index.php?rest_route=\/wp\/v2\/posts\/171467\/revisions"}],"wp:featuredmedia":[{"embeddable":true,"href":"https:\/\/diarioregionaldigital.com.br\/index.php?rest_route=\/wp\/v2\/media\/171468"}],"wp:attachment":[{"href":"https:\/\/diarioregionaldigital.com.br\/index.php?rest_route=%2Fwp%2Fv2%2Fmedia&parent=171467"}],"wp:term":[{"taxonomy":"category","embeddable":true,"href":"https:\/\/diarioregionaldigital.com.br\/index.php?rest_route=%2Fwp%2Fv2%2Fcategories&post=171467"},{"taxonomy":"post_tag","embeddable":true,"href":"https:\/\/diarioregionaldigital.com.br\/index.php?rest_route=%2Fwp%2Fv2%2Ftags&post=171467"}],"curies":[{"name":"wp","href":"https:\/\/api.w.org\/{rel}","templated":true}]}}