{"id":171464,"date":"2020-10-21T16:53:26","date_gmt":"2020-10-21T19:53:26","guid":{"rendered":"https:\/\/diarioregionaldigital.com.br\/?p=171464"},"modified":"2020-10-21T16:53:26","modified_gmt":"2020-10-21T19:53:26","slug":"acao-do-laco-rosa-leva-servidoras-ao-calcadao-da-rua-halfeld","status":"publish","type":"post","link":"https:\/\/diarioregionaldigital.com.br\/?p=171464","title":{"rendered":"A\u00e7\u00e3o do la\u00e7o rosa leva servidoras ao cal\u00e7ad\u00e3o da Rua Halfeld"},"content":{"rendered":"<p>Na manh\u00e3 desta quarta-feira, 21, servidoras da Secretaria de Seguran\u00e7a Urbana e Cidadania (Sesuc) e conselheiras municipais da mulher estiveram no cal\u00e7ad\u00e3o da Rua Halfeld para sensibilizar outras mulheres que transitavam pelo centro da cidade.<\/p>\n<p>O objetivo foi chamar a aten\u00e7\u00e3o para a import\u00e2ncia do diagn\u00f3stico precoce do c\u00e2ncer de mama. Com a presen\u00e7a da atual presidente do Conselho Municipal da Mulher e secret\u00e1ria de Seguran\u00e7a da Prefeitura de Juiz de Fora, S\u00f4nia Parma, integrantes femininas da Guarda Municipal, Defesa Civil e do Conselho fizeram entrega do la\u00e7o rosa, em ato simb\u00f3lico de refer\u00eancia ao autocuidado proposto pela campanha Outubro Rosa.<\/p>\n<p>Para a Guarda Municipal, a a\u00e7\u00e3o ainda teve o papel de integrar a mobiliza\u00e7\u00e3o nacional do Dia D das Guardas Municipais para a preven\u00e7\u00e3o do c\u00e2ncer de mama. Em apoio \u00e0 campanha, o contingente masculino presente na rua durante a a\u00e7\u00e3o tamb\u00e9m usou o la\u00e7o sob o uniforme.<\/p>\n<p><strong>Fonte:\u00a0<\/strong>Assessoria<\/p>\n","protected":false},"excerpt":{"rendered":"<p>Na manh\u00e3 desta quarta-feira, 21, servidoras da Secretaria de Seguran\u00e7a Urbana e Cidadania (Sesuc) e conselheiras municipais da mulher estiveram no cal\u00e7ad\u00e3o da Rua Halfeld para sensibilizar outras mulheres que transitavam pelo centro da cidade. O objetivo foi chamar a aten\u00e7\u00e3o para a import\u00e2ncia do diagn\u00f3stico precoce do c\u00e2ncer de mama. Com a presen\u00e7a da [&hellip;]<\/p>\n","protected":false},"author":96,"featured_media":171465,"comment_status":"closed","ping_status":"closed","sticky":false,"template":"","format":"standard","meta":{"footnotes":""},"categories":[253,436,439],"tags":[],"class_list":["post-171464","post","type-post","status-publish","format-standard","has-post-thumbnail","hentry","category-cidade","category-destaque-da-semana","category-ultima-hora"],"_links":{"self":[{"href":"https:\/\/diarioregionaldigital.com.br\/index.php?rest_route=\/wp\/v2\/posts\/171464","targetHints":{"allow":["GET"]}}],"collection":[{"href":"https:\/\/diarioregionaldigital.com.br\/index.php?rest_route=\/wp\/v2\/posts"}],"about":[{"href":"https:\/\/diarioregionaldigital.com.br\/index.php?rest_route=\/wp\/v2\/types\/post"}],"author":[{"embeddable":true,"href":"https:\/\/diarioregionaldigital.com.br\/index.php?rest_route=\/wp\/v2\/users\/96"}],"replies":[{"embeddable":true,"href":"https:\/\/diarioregionaldigital.com.br\/index.php?rest_route=%2Fwp%2Fv2%2Fcomments&post=171464"}],"version-history":[{"count":0,"href":"https:\/\/diarioregionaldigital.com.br\/index.php?rest_route=\/wp\/v2\/posts\/171464\/revisions"}],"wp:featuredmedia":[{"embeddable":true,"href":"https:\/\/diarioregionaldigital.com.br\/index.php?rest_route=\/wp\/v2\/media\/171465"}],"wp:attachment":[{"href":"https:\/\/diarioregionaldigital.com.br\/index.php?rest_route=%2Fwp%2Fv2%2Fmedia&parent=171464"}],"wp:term":[{"taxonomy":"category","embeddable":true,"href":"https:\/\/diarioregionaldigital.com.br\/index.php?rest_route=%2Fwp%2Fv2%2Fcategories&post=171464"},{"taxonomy":"post_tag","embeddable":true,"href":"https:\/\/diarioregionaldigital.com.br\/index.php?rest_route=%2Fwp%2Fv2%2Ftags&post=171464"}],"curies":[{"name":"wp","href":"https:\/\/api.w.org\/{rel}","templated":true}]}}