{"id":171461,"date":"2020-10-21T16:52:03","date_gmt":"2020-10-21T19:52:03","guid":{"rendered":"https:\/\/diarioregionaldigital.com.br\/?p=171461"},"modified":"2020-10-21T16:52:03","modified_gmt":"2020-10-21T19:52:03","slug":"settra-altera-quadro-de-horario-da-linha-718-ponte-preta","status":"publish","type":"post","link":"https:\/\/diarioregionaldigital.com.br\/?p=171461","title":{"rendered":"Settra altera quadro de hor\u00e1rio da linha 718 &#8211; Ponte Preta"},"content":{"rendered":"<p>A Secretaria de Transportes e Tr\u00e2nsito (Settra) da Prefeitura de Juiz de Fora (PJF) ir\u00e1 alterar, a partir desta quinta-feira, 22, o hor\u00e1rio de s\u00e1bado da linha 718 &#8211; Ponte Preta. As mudan\u00e7as ser\u00e3o por tempo indeterminado e atendem as medidas de prote\u00e7\u00e3o contra a Covid-19.<\/p>\n<p>As altera\u00e7\u00f5es podem ser conferidas no site da PJF (<a href=\"https:\/\/www.pjf.mg.gov.br\/onibus\/itinerario\/index.php\">pjf.mg.gov.br\/onibus\/itinerario\/index.php<\/a>)<\/p>\n<p><strong>Fonte:\u00a0<\/strong>Assessoria<\/p>\n","protected":false},"excerpt":{"rendered":"<p>A Secretaria de Transportes e Tr\u00e2nsito (Settra) da Prefeitura de Juiz de Fora (PJF) ir\u00e1 alterar, a partir desta quinta-feira, 22, o hor\u00e1rio de s\u00e1bado da linha 718 &#8211; Ponte Preta. As mudan\u00e7as ser\u00e3o por tempo indeterminado e atendem as medidas de prote\u00e7\u00e3o contra a Covid-19. As altera\u00e7\u00f5es podem ser conferidas no site da PJF [&hellip;]<\/p>\n","protected":false},"author":96,"featured_media":171462,"comment_status":"closed","ping_status":"closed","sticky":false,"template":"","format":"standard","meta":{"footnotes":""},"categories":[253,436,439],"tags":[],"class_list":["post-171461","post","type-post","status-publish","format-standard","has-post-thumbnail","hentry","category-cidade","category-destaque-da-semana","category-ultima-hora"],"_links":{"self":[{"href":"https:\/\/diarioregionaldigital.com.br\/index.php?rest_route=\/wp\/v2\/posts\/171461","targetHints":{"allow":["GET"]}}],"collection":[{"href":"https:\/\/diarioregionaldigital.com.br\/index.php?rest_route=\/wp\/v2\/posts"}],"about":[{"href":"https:\/\/diarioregionaldigital.com.br\/index.php?rest_route=\/wp\/v2\/types\/post"}],"author":[{"embeddable":true,"href":"https:\/\/diarioregionaldigital.com.br\/index.php?rest_route=\/wp\/v2\/users\/96"}],"replies":[{"embeddable":true,"href":"https:\/\/diarioregionaldigital.com.br\/index.php?rest_route=%2Fwp%2Fv2%2Fcomments&post=171461"}],"version-history":[{"count":0,"href":"https:\/\/diarioregionaldigital.com.br\/index.php?rest_route=\/wp\/v2\/posts\/171461\/revisions"}],"wp:featuredmedia":[{"embeddable":true,"href":"https:\/\/diarioregionaldigital.com.br\/index.php?rest_route=\/wp\/v2\/media\/171462"}],"wp:attachment":[{"href":"https:\/\/diarioregionaldigital.com.br\/index.php?rest_route=%2Fwp%2Fv2%2Fmedia&parent=171461"}],"wp:term":[{"taxonomy":"category","embeddable":true,"href":"https:\/\/diarioregionaldigital.com.br\/index.php?rest_route=%2Fwp%2Fv2%2Fcategories&post=171461"},{"taxonomy":"post_tag","embeddable":true,"href":"https:\/\/diarioregionaldigital.com.br\/index.php?rest_route=%2Fwp%2Fv2%2Ftags&post=171461"}],"curies":[{"name":"wp","href":"https:\/\/api.w.org\/{rel}","templated":true}]}}