{"id":171456,"date":"2020-10-21T16:50:28","date_gmt":"2020-10-21T19:50:28","guid":{"rendered":"https:\/\/diarioregionaldigital.com.br\/?p=171456"},"modified":"2020-10-21T16:50:28","modified_gmt":"2020-10-21T19:50:28","slug":"settra-altera-itinerario-da-linha-538","status":"publish","type":"post","link":"https:\/\/diarioregionaldigital.com.br\/?p=171456","title":{"rendered":"Settra altera itiner\u00e1rio da linha 538"},"content":{"rendered":"<p>A Secretaria de Transportes e Tr\u00e2nsito (Settra) da Prefeitura de Juiz de Fora (PJF) ir\u00e1 alterar a partir desta quarta-feira, 21, o itiner\u00e1rio da linha 538 &#8211; Morada do Serro \/ Via Jardim Casa Blanca \/ Adolpho Vireque.<\/p>\n<p>O itiner\u00e1rio no sentido bairro\/centro ser\u00e1: Rua Jos\u00e9 Louren\u00e7o, Rua Pantanal, Rua Arthur Peterson, BR-040, Rua Jos\u00e9 Louren\u00e7o Kelmer.<\/p>\n<p>J\u00e1 o itiner\u00e1rio no sentido centro\/bairro ser\u00e1: Rua Jos\u00e9 Louren\u00e7o Kelmer, Rua Ad\u00e3o Barbosa Lima, Rua Monteiro Lobato, Rua Adolfo J. Filho, Rua Ad\u00e3o Barbosa Lima, Rua Professora Adelaide Bergo, Rua Arthur Peterson e Rua Jos\u00e9 Louren\u00e7o.<\/p>\n<p>As altera\u00e7\u00f5es podem ser conferidas no site da PJF (<a href=\"https:\/\/www.pjf.mg.gov.br\/onibus\/itinerario\/index.php\">pjf.mg.gov.br\/onibus\/itinerario\/index.php<\/a>).<\/p>\n<p><strong>Fonte:\u00a0<\/strong>Assessoria<\/p>\n","protected":false},"excerpt":{"rendered":"<p>A Secretaria de Transportes e Tr\u00e2nsito (Settra) da Prefeitura de Juiz de Fora (PJF) ir\u00e1 alterar a partir desta quarta-feira, 21, o itiner\u00e1rio da linha 538 &#8211; Morada do Serro \/ Via Jardim Casa Blanca \/ Adolpho Vireque. O itiner\u00e1rio no sentido bairro\/centro ser\u00e1: Rua Jos\u00e9 Louren\u00e7o, Rua Pantanal, Rua Arthur Peterson, BR-040, Rua Jos\u00e9 [&hellip;]<\/p>\n","protected":false},"author":96,"featured_media":171459,"comment_status":"closed","ping_status":"closed","sticky":false,"template":"","format":"standard","meta":{"footnotes":""},"categories":[253,436,439],"tags":[],"class_list":["post-171456","post","type-post","status-publish","format-standard","has-post-thumbnail","hentry","category-cidade","category-destaque-da-semana","category-ultima-hora"],"_links":{"self":[{"href":"https:\/\/diarioregionaldigital.com.br\/index.php?rest_route=\/wp\/v2\/posts\/171456","targetHints":{"allow":["GET"]}}],"collection":[{"href":"https:\/\/diarioregionaldigital.com.br\/index.php?rest_route=\/wp\/v2\/posts"}],"about":[{"href":"https:\/\/diarioregionaldigital.com.br\/index.php?rest_route=\/wp\/v2\/types\/post"}],"author":[{"embeddable":true,"href":"https:\/\/diarioregionaldigital.com.br\/index.php?rest_route=\/wp\/v2\/users\/96"}],"replies":[{"embeddable":true,"href":"https:\/\/diarioregionaldigital.com.br\/index.php?rest_route=%2Fwp%2Fv2%2Fcomments&post=171456"}],"version-history":[{"count":0,"href":"https:\/\/diarioregionaldigital.com.br\/index.php?rest_route=\/wp\/v2\/posts\/171456\/revisions"}],"wp:featuredmedia":[{"embeddable":true,"href":"https:\/\/diarioregionaldigital.com.br\/index.php?rest_route=\/wp\/v2\/media\/171459"}],"wp:attachment":[{"href":"https:\/\/diarioregionaldigital.com.br\/index.php?rest_route=%2Fwp%2Fv2%2Fmedia&parent=171456"}],"wp:term":[{"taxonomy":"category","embeddable":true,"href":"https:\/\/diarioregionaldigital.com.br\/index.php?rest_route=%2Fwp%2Fv2%2Fcategories&post=171456"},{"taxonomy":"post_tag","embeddable":true,"href":"https:\/\/diarioregionaldigital.com.br\/index.php?rest_route=%2Fwp%2Fv2%2Ftags&post=171456"}],"curies":[{"name":"wp","href":"https:\/\/api.w.org\/{rel}","templated":true}]}}