{"id":171437,"date":"2020-10-21T14:41:42","date_gmt":"2020-10-21T17:41:42","guid":{"rendered":"https:\/\/diarioregionaldigital.com.br\/?p=171437"},"modified":"2020-10-21T20:54:45","modified_gmt":"2020-10-21T23:54:45","slug":"novo-horario-de-funcionamento-dos-shoppings-entram-em-vigor-nesta-quinta-feira","status":"publish","type":"post","link":"https:\/\/diarioregionaldigital.com.br\/?p=171437","title":{"rendered":"Novo hor\u00e1rio de funcionamento dos shoppings entra em vigor nesta quinta-feira"},"content":{"rendered":"<p><span style=\"font-weight: 400;\">Aprovado na \u00faltima reuni\u00e3o do Comit\u00ea Municipal de Enfrentamento e Preven\u00e7\u00e3o \u00e0 Covid-19, na \u00faltima semana, o novo hor\u00e1rio de funcionamento dos shoppings em Juiz de Fora, estar\u00e1 em vigor a partir desta quinta-feira (22). A altera\u00e7\u00e3o se deve pelo avan\u00e7o do munic\u00edpio para a \u2018Onda Verde\u2019 do Programa Minas Consciente.<\/span><\/p>\n<p><span style=\"font-weight: 400;\">Cada um dos locais, teve autonomia para determinar o seu hor\u00e1rio, levando em considera\u00e7\u00e3o as orienta\u00e7\u00f5es do referido programa, como previsto pela Prefeitura de Juiz de Fora (PJF). Os shoppings adotaram suas caracter\u00edsticas individuais, dos seus lojistas e clientes, sempre visando \u00e0 seguran\u00e7a e ao conforto de todos.<\/span><\/p>\n<p><span style=\"font-weight: 400;\">As lojas do Shopping Jardim Norte, localizado no Bairro S\u00e3o Dimas (Regi\u00e3o Norte), funcionar\u00e3o de segunda \u00e0 sexta-feira, das 12h \u00e0s 22h. Nos s\u00e1bados, o hor\u00e1rio de abertura ser\u00e1 \u00e0s 10h e fechar\u00e1 \u00e0s 22h. Nos domingos e feriados, o funcionamento ser\u00e1 das 13h \u00e0s 21h. Quanto \u00e0 pra\u00e7a de alimenta\u00e7\u00e3o, os estabelecimentos estar\u00e3o abertos de segunda a sexta-feira, das 12h \u00e0s 22h. Nos domingo e feriados, o cronograma \u00e9 o mesmo, das 11h \u00e0s 22h.<\/span><\/p>\n<p><span style=\"font-weight: 400;\">No caso do Independ\u00eancia Shopping, localizado no Bairro Cascatinha (Regi\u00e3o Sul), o hor\u00e1rio das lojas e redes de alimenta\u00e7\u00e3o, ser\u00e1 o mesmo adotado pelo Jardim Norte.\u00a0<\/span><\/p>\n<p><span style=\"font-weight: 400;\">Quanto ao Alameda, no Bairro Alto dos Passos (Regi\u00e3o Central), no decorrer da semana, suas lojas estar\u00e3o abertas das 12h \u00e0s 22h00. Nos s\u00e1bados o expediente come\u00e7a a partir das 10h00 e estar\u00e3o fechadas no mesmo hor\u00e1rio. Aos domingos e feriados, os trabalhos nas lojas come\u00e7ar\u00e3o \u00e0s 13h e ser\u00e3o encerrados \u00e0s 19h00. J\u00e1 a pra\u00e7a de alimenta\u00e7\u00e3o estar\u00e1 em atividade das 11h \u00e0s 22h00, em todos os dias da semana.<\/span><\/p>\n","protected":false},"excerpt":{"rendered":"<p>Aprovado na \u00faltima reuni\u00e3o do Comit\u00ea Municipal de Enfrentamento e Preven\u00e7\u00e3o \u00e0 Covid-19, na \u00faltima semana, o novo hor\u00e1rio de funcionamento dos shoppings em Juiz de Fora, estar\u00e1 em vigor a partir desta quinta-feira (22). A altera\u00e7\u00e3o se deve pelo avan\u00e7o do munic\u00edpio para a \u2018Onda Verde\u2019 do Programa Minas Consciente. Cada um dos locais, [&hellip;]<\/p>\n","protected":false},"author":96,"featured_media":171438,"comment_status":"closed","ping_status":"closed","sticky":false,"template":"","format":"standard","meta":{"footnotes":""},"categories":[436,440,261,439],"tags":[],"class_list":["post-171437","post","type-post","status-publish","format-standard","has-post-thumbnail","hentry","category-destaque-da-semana","category-destaques-do-dia","category-economia","category-ultima-hora"],"_links":{"self":[{"href":"https:\/\/diarioregionaldigital.com.br\/index.php?rest_route=\/wp\/v2\/posts\/171437","targetHints":{"allow":["GET"]}}],"collection":[{"href":"https:\/\/diarioregionaldigital.com.br\/index.php?rest_route=\/wp\/v2\/posts"}],"about":[{"href":"https:\/\/diarioregionaldigital.com.br\/index.php?rest_route=\/wp\/v2\/types\/post"}],"author":[{"embeddable":true,"href":"https:\/\/diarioregionaldigital.com.br\/index.php?rest_route=\/wp\/v2\/users\/96"}],"replies":[{"embeddable":true,"href":"https:\/\/diarioregionaldigital.com.br\/index.php?rest_route=%2Fwp%2Fv2%2Fcomments&post=171437"}],"version-history":[{"count":0,"href":"https:\/\/diarioregionaldigital.com.br\/index.php?rest_route=\/wp\/v2\/posts\/171437\/revisions"}],"wp:featuredmedia":[{"embeddable":true,"href":"https:\/\/diarioregionaldigital.com.br\/index.php?rest_route=\/wp\/v2\/media\/171438"}],"wp:attachment":[{"href":"https:\/\/diarioregionaldigital.com.br\/index.php?rest_route=%2Fwp%2Fv2%2Fmedia&parent=171437"}],"wp:term":[{"taxonomy":"category","embeddable":true,"href":"https:\/\/diarioregionaldigital.com.br\/index.php?rest_route=%2Fwp%2Fv2%2Fcategories&post=171437"},{"taxonomy":"post_tag","embeddable":true,"href":"https:\/\/diarioregionaldigital.com.br\/index.php?rest_route=%2Fwp%2Fv2%2Ftags&post=171437"}],"curies":[{"name":"wp","href":"https:\/\/api.w.org\/{rel}","templated":true}]}}