{"id":171434,"date":"2020-10-21T14:21:54","date_gmt":"2020-10-21T17:21:54","guid":{"rendered":"https:\/\/diarioregionaldigital.com.br\/?p=171434"},"modified":"2020-10-21T14:21:54","modified_gmt":"2020-10-21T17:21:54","slug":"pm-registra-duas-ocorrencias-de-roubo-nas-regioes-norte-e-central","status":"publish","type":"post","link":"https:\/\/diarioregionaldigital.com.br\/?p=171434","title":{"rendered":"PM registra duas ocorr\u00eancias de roubo nas Regi\u00f5es Norte e Central"},"content":{"rendered":"<p>A Pol\u00edcia Militar (PM), registrou duas ocorr\u00eancias referentes a roubo, ocorridos nas Regi\u00f5es Norte e Central em Juiz de Fora. O primeiro caso foi na noite de ter\u00e7a-feira (20), no Bairro Benfica (Regi\u00e3o Norte), onde um homem de 41 anos, relatou que foi abordado por dois indiv\u00edduos, aparentando serem menores de idade, sendo que um deles estava com posse de arma de fogo.<\/p>\n<p>A dupla anunciou o assalto e levaram o celular da v\u00edtima. Os autores ordenaram ao rapaz que n\u00e3o corresse e nem olhasse pra tr\u00e1s. Neste exato momento, eles fugiram do local, em sentido ignorado. A PM foi acionada e realizou rastreamento, portanto, os infratores n\u00e3o foram encontrados.<\/p>\n<p>O segundo caso aconteceu na manh\u00e3 desta quarta-feira (21), por volta das 5h05, no Bairro Alto dos Passos (Regi\u00e3o Central). Na ocasi\u00e3o, dois jovens de 20 e 25 anos, foram abordados por dois homens, sendo que um deles apontou uma arma de fogo em dire\u00e7\u00e3o \u00e0s v\u00edtimas, levando dois celulares, uma mochila e uma carteira. Os suspeitos fugiram e n\u00e3o foram localizados.<\/p>\n","protected":false},"excerpt":{"rendered":"<p>A Pol\u00edcia Militar (PM), registrou duas ocorr\u00eancias referentes a roubo, ocorridos nas Regi\u00f5es Norte e Central em Juiz de Fora. O primeiro caso foi na noite de ter\u00e7a-feira (20), no Bairro Benfica (Regi\u00e3o Norte), onde um homem de 41 anos, relatou que foi abordado por dois indiv\u00edduos, aparentando serem menores de idade, sendo que um [&hellip;]<\/p>\n","protected":false},"author":96,"featured_media":171435,"comment_status":"closed","ping_status":"closed","sticky":false,"template":"","format":"standard","meta":{"footnotes":""},"categories":[301,436,439],"tags":[],"class_list":["post-171434","post","type-post","status-publish","format-standard","has-post-thumbnail","hentry","category-artigos-policiais","category-destaque-da-semana","category-ultima-hora"],"_links":{"self":[{"href":"https:\/\/diarioregionaldigital.com.br\/index.php?rest_route=\/wp\/v2\/posts\/171434","targetHints":{"allow":["GET"]}}],"collection":[{"href":"https:\/\/diarioregionaldigital.com.br\/index.php?rest_route=\/wp\/v2\/posts"}],"about":[{"href":"https:\/\/diarioregionaldigital.com.br\/index.php?rest_route=\/wp\/v2\/types\/post"}],"author":[{"embeddable":true,"href":"https:\/\/diarioregionaldigital.com.br\/index.php?rest_route=\/wp\/v2\/users\/96"}],"replies":[{"embeddable":true,"href":"https:\/\/diarioregionaldigital.com.br\/index.php?rest_route=%2Fwp%2Fv2%2Fcomments&post=171434"}],"version-history":[{"count":0,"href":"https:\/\/diarioregionaldigital.com.br\/index.php?rest_route=\/wp\/v2\/posts\/171434\/revisions"}],"wp:featuredmedia":[{"embeddable":true,"href":"https:\/\/diarioregionaldigital.com.br\/index.php?rest_route=\/wp\/v2\/media\/171435"}],"wp:attachment":[{"href":"https:\/\/diarioregionaldigital.com.br\/index.php?rest_route=%2Fwp%2Fv2%2Fmedia&parent=171434"}],"wp:term":[{"taxonomy":"category","embeddable":true,"href":"https:\/\/diarioregionaldigital.com.br\/index.php?rest_route=%2Fwp%2Fv2%2Fcategories&post=171434"},{"taxonomy":"post_tag","embeddable":true,"href":"https:\/\/diarioregionaldigital.com.br\/index.php?rest_route=%2Fwp%2Fv2%2Ftags&post=171434"}],"curies":[{"name":"wp","href":"https:\/\/api.w.org\/{rel}","templated":true}]}}