{"id":171428,"date":"2020-10-21T12:26:13","date_gmt":"2020-10-21T15:26:13","guid":{"rendered":"https:\/\/diarioregionaldigital.com.br\/?p=171428"},"modified":"2020-10-21T12:26:13","modified_gmt":"2020-10-21T15:26:13","slug":"setor-mineral-brasileiro-tem-resultado-positivo-no-3o-trimestre","status":"publish","type":"post","link":"https:\/\/diarioregionaldigital.com.br\/?p=171428","title":{"rendered":"Setor mineral brasileiro tem resultado positivo no 3\u00ba trimestre"},"content":{"rendered":"<p><span style=\"font-weight: 400;\">O desempenho da ind\u00fastria mineral brasileira, no terceiro trimestre do ano, apontou para diversos avan\u00e7os em indicadores. Houve aumento em atra\u00e7\u00e3o de novos investimentos, exporta\u00e7\u00e3o, faturamento, recolhimento de <\/span><i><span style=\"font-weight: 400;\">royalties<\/span><\/i><span style=\"font-weight: 400;\"> e tributos, redu\u00e7\u00e3o das importa\u00e7\u00f5es e gera\u00e7\u00e3o de empregos.<\/span><\/p>\n<p><span style=\"font-weight: 400;\">Os dados da ind\u00fastria da minera\u00e7\u00e3o foram divulgados pelo Instituto Brasileiro de Minera\u00e7\u00e3o (Ibram), que re\u00fane mineradoras respons\u00e1veis por mais de 85% da produ\u00e7\u00e3o nacional. Segundo o informe, o saldo entre exporta\u00e7\u00e3o e importa\u00e7\u00e3o de min\u00e9rios correspondeu a 45,5% do saldo comercial do Brasil no per\u00edodo.<\/span><\/p>\n<p><span style=\"font-weight: 400;\">No terceiro trimestre a valoriza\u00e7\u00e3o cambial e tamb\u00e9m dos pre\u00e7os das <\/span><i><span style=\"font-weight: 400;\">commodities<\/span><\/i><span style=\"font-weight: 400;\"> minerais estabeleceram o faturamento da ind\u00fastria mineral em R$ 50 bilh\u00f5es, sendo que a produ\u00e7\u00e3o est\u00e1 estimada em aproximadamente 287 milh\u00f5es de toneladas de min\u00e9rios, acima da registrada no segundo trimestre (cerca de 210 milh\u00f5es de toneladas) e tamb\u00e9m superior na compara\u00e7\u00e3o com a do 3\u00ba trimestre de 2019 (280 milh\u00f5es de toneladas).<\/span><\/p>\n<p><span style=\"font-weight: 400;\">Os valores de produ\u00e7\u00e3o s\u00e3o estimativas do Ibram, com base em dados hist\u00f3ricos, para agregados da constru\u00e7\u00e3o civil (54% de participa\u00e7\u00e3o), min\u00e9rio de ferro (42% de participa\u00e7\u00e3o), bauxita, fosfato, mangan\u00eas, alum\u00ednio prim\u00e1rio, pot\u00e1ssio concentrado, cobre contido, zinco concentrado, liga de ni\u00f3bio, n\u00edquel contido e ouro. A confirma\u00e7\u00e3o dever\u00e1 ser divulgada pela Ag\u00eancia Nacional de Minera\u00e7\u00e3o posteriormente.<\/span><\/p>\n<p><span style=\"font-weight: 400;\">No acumulado do ano \u2013 nos tr\u00eas trimestres \u2013, a ind\u00fastria da minera\u00e7\u00e3o faturou R$ 126 bilh\u00f5es. O resultado de todo o ano de 2019 se situou em R$ 153 bilh\u00f5es. As informa\u00e7\u00f5es completas podem ser acessadas no site do Ibram.<\/span><\/p>\n<p><strong>Fonte:<\/strong> Ag\u00eancia Brasil<\/p>\n","protected":false},"excerpt":{"rendered":"<p>O desempenho da ind\u00fastria mineral brasileira, no terceiro trimestre do ano, apontou para diversos avan\u00e7os em indicadores. Houve aumento em atra\u00e7\u00e3o de novos investimentos, exporta\u00e7\u00e3o, faturamento, recolhimento de royalties e tributos, redu\u00e7\u00e3o das importa\u00e7\u00f5es e gera\u00e7\u00e3o de empregos. Os dados da ind\u00fastria da minera\u00e7\u00e3o foram divulgados pelo Instituto Brasileiro de Minera\u00e7\u00e3o (Ibram), que re\u00fane mineradoras [&hellip;]<\/p>\n","protected":false},"author":96,"featured_media":171429,"comment_status":"closed","ping_status":"closed","sticky":false,"template":"","format":"standard","meta":{"footnotes":""},"categories":[436,261,439],"tags":[],"class_list":["post-171428","post","type-post","status-publish","format-standard","has-post-thumbnail","hentry","category-destaque-da-semana","category-economia","category-ultima-hora"],"_links":{"self":[{"href":"https:\/\/diarioregionaldigital.com.br\/index.php?rest_route=\/wp\/v2\/posts\/171428","targetHints":{"allow":["GET"]}}],"collection":[{"href":"https:\/\/diarioregionaldigital.com.br\/index.php?rest_route=\/wp\/v2\/posts"}],"about":[{"href":"https:\/\/diarioregionaldigital.com.br\/index.php?rest_route=\/wp\/v2\/types\/post"}],"author":[{"embeddable":true,"href":"https:\/\/diarioregionaldigital.com.br\/index.php?rest_route=\/wp\/v2\/users\/96"}],"replies":[{"embeddable":true,"href":"https:\/\/diarioregionaldigital.com.br\/index.php?rest_route=%2Fwp%2Fv2%2Fcomments&post=171428"}],"version-history":[{"count":0,"href":"https:\/\/diarioregionaldigital.com.br\/index.php?rest_route=\/wp\/v2\/posts\/171428\/revisions"}],"wp:featuredmedia":[{"embeddable":true,"href":"https:\/\/diarioregionaldigital.com.br\/index.php?rest_route=\/wp\/v2\/media\/171429"}],"wp:attachment":[{"href":"https:\/\/diarioregionaldigital.com.br\/index.php?rest_route=%2Fwp%2Fv2%2Fmedia&parent=171428"}],"wp:term":[{"taxonomy":"category","embeddable":true,"href":"https:\/\/diarioregionaldigital.com.br\/index.php?rest_route=%2Fwp%2Fv2%2Fcategories&post=171428"},{"taxonomy":"post_tag","embeddable":true,"href":"https:\/\/diarioregionaldigital.com.br\/index.php?rest_route=%2Fwp%2Fv2%2Ftags&post=171428"}],"curies":[{"name":"wp","href":"https:\/\/api.w.org\/{rel}","templated":true}]}}