{"id":171422,"date":"2020-10-21T12:18:32","date_gmt":"2020-10-21T15:18:32","guid":{"rendered":"https:\/\/diarioregionaldigital.com.br\/?p=171422"},"modified":"2020-10-21T23:09:33","modified_gmt":"2020-10-22T02:09:33","slug":"eduardo-lucas-tem-candidatura-indeferida-bem-como-dos-vereadores-da-democracia-crista","status":"publish","type":"post","link":"https:\/\/diarioregionaldigital.com.br\/?p=171422","title":{"rendered":"Eduardo Lucas tem candidatura indeferida, bem como dos vereadores da Democracia Crist\u00e3"},"content":{"rendered":"<p><span style=\"font-weight: 400;\">A Justi\u00e7a Eleitoral informou na noite de ter\u00e7a-feira (20), que a candidatura de Eduardo Lucas (Democracia Crist\u00e3), para \u00e0 Prefeitura de Juiz de Fora (PJF), teve seu registro indeferido. Conforme o ju\u00edz <\/span><span style=\"font-weight: 400;\">da 153\u00aa Zona Eleitoral de Juiz de Fora, Jos\u00e9 Alfredo J\u00fcnger, a inscri\u00e7\u00e3o da candidatura teve problema, pois teria sido feita por pessoa inabilitada de acordo com as legisla\u00e7\u00f5es eleitorais vigentes.<\/span><\/p>\n<p><span style=\"font-weight: 400;\">A mesma situa\u00e7\u00e3o aconteceu na chapa de 23 candidatos a vereador do mesmo partido. Diante a este cen\u00e1rio, a Democracia Crist\u00e3 vai recorrer \u00e0 decis\u00e3o.<\/span><\/p>\n<p><span style=\"font-weight: 400;\">At\u00e9 ent\u00e3o, dentre os 11 candidatos \u00e0 Prefeitura que fizeram requerimento para registrar seus respectivos projetos no Tribunal Regional Eleitoral (TRE), sete tiveram suas inscri\u00e7\u00f5es regularizadas: Alo\u00edzio Penido (PTC), Fernando Elioterio (PCdoB), Marcos Ribeiro (Rede), Margarida Salom\u00e3o (PT), Sheila Oliveira (PSL), Vict\u00f3ria Mello (PSTU) e Wilson Rezato (PSB). Quanto \u00e0 situa\u00e7\u00e3o de Ione Barbosa (Republicanos) e Lorene Figueiredo (PSOL), elas aparecem no sistema do TRE como \u201caguardando julgamento\u201d. No caso de Marco Fel\u00edcio (PRTB), seu registro tamb\u00e9m foi indeferido, entretanto ele j\u00e1 enviou recursos para reverter a decis\u00e3o.<\/span><\/p>\n","protected":false},"excerpt":{"rendered":"<p>A Justi\u00e7a Eleitoral informou na noite de ter\u00e7a-feira (20), que a candidatura de Eduardo Lucas (Democracia Crist\u00e3), para \u00e0 Prefeitura de Juiz de Fora (PJF), teve seu registro indeferido. Conforme o ju\u00edz da 153\u00aa Zona Eleitoral de Juiz de Fora, Jos\u00e9 Alfredo J\u00fcnger, a inscri\u00e7\u00e3o da candidatura teve problema, pois teria sido feita por pessoa [&hellip;]<\/p>\n","protected":false},"author":96,"featured_media":171423,"comment_status":"closed","ping_status":"closed","sticky":false,"template":"","format":"standard","meta":{"footnotes":""},"categories":[436,440,254,439],"tags":[],"class_list":["post-171422","post","type-post","status-publish","format-standard","has-post-thumbnail","hentry","category-destaque-da-semana","category-destaques-do-dia","category-politica","category-ultima-hora"],"_links":{"self":[{"href":"https:\/\/diarioregionaldigital.com.br\/index.php?rest_route=\/wp\/v2\/posts\/171422","targetHints":{"allow":["GET"]}}],"collection":[{"href":"https:\/\/diarioregionaldigital.com.br\/index.php?rest_route=\/wp\/v2\/posts"}],"about":[{"href":"https:\/\/diarioregionaldigital.com.br\/index.php?rest_route=\/wp\/v2\/types\/post"}],"author":[{"embeddable":true,"href":"https:\/\/diarioregionaldigital.com.br\/index.php?rest_route=\/wp\/v2\/users\/96"}],"replies":[{"embeddable":true,"href":"https:\/\/diarioregionaldigital.com.br\/index.php?rest_route=%2Fwp%2Fv2%2Fcomments&post=171422"}],"version-history":[{"count":0,"href":"https:\/\/diarioregionaldigital.com.br\/index.php?rest_route=\/wp\/v2\/posts\/171422\/revisions"}],"wp:featuredmedia":[{"embeddable":true,"href":"https:\/\/diarioregionaldigital.com.br\/index.php?rest_route=\/wp\/v2\/media\/171423"}],"wp:attachment":[{"href":"https:\/\/diarioregionaldigital.com.br\/index.php?rest_route=%2Fwp%2Fv2%2Fmedia&parent=171422"}],"wp:term":[{"taxonomy":"category","embeddable":true,"href":"https:\/\/diarioregionaldigital.com.br\/index.php?rest_route=%2Fwp%2Fv2%2Fcategories&post=171422"},{"taxonomy":"post_tag","embeddable":true,"href":"https:\/\/diarioregionaldigital.com.br\/index.php?rest_route=%2Fwp%2Fv2%2Ftags&post=171422"}],"curies":[{"name":"wp","href":"https:\/\/api.w.org\/{rel}","templated":true}]}}