{"id":171366,"date":"2020-10-20T15:39:58","date_gmt":"2020-10-20T18:39:58","guid":{"rendered":"https:\/\/diarioregionaldigital.com.br\/?p=171366"},"modified":"2020-10-20T15:39:58","modified_gmt":"2020-10-20T18:39:58","slug":"gremio-pede-anulacao-de-jogo-contra-o-sao-paulo","status":"publish","type":"post","link":"https:\/\/diarioregionaldigital.com.br\/?p=171366","title":{"rendered":"Gr\u00eamio pede anula\u00e7\u00e3o de jogo contra o S\u00e3o Paulo"},"content":{"rendered":"<p><span style=\"font-weight: 400;\">Por conta dos erros de arbitragem na partida diante do S\u00e3o Paulo, no \u00faltimo s\u00e1bado (17), v\u00e1lida pela 17\u00aa rodada do Campeonato Brasileiro, o Gr\u00eamio formalizou um pedido no Supremo Tribunal de Justi\u00e7a Desportiva (STJD), no qual pede anula\u00e7\u00e3o do referido jogo.\u00a0<\/span><\/p>\n<p><span style=\"font-weight: 400;\">A arbitragem do jogo esteve nas m\u00e3os de Rafael Traci, \u00e1rbitro Fifa de Santa Catarina. Os auxiliares eram Henrique Neu Ribeiro e Helton Nunes. J\u00e1 o \u00e1rbitro de v\u00eddeo foi Elmo Alves Resende Cunha (GO), auxiliado por Lucas Paulo Torezin e Victor Hugo Imazu dos Santos, ambos do Paran\u00e1.<\/span><\/p>\n<p><span style=\"font-weight: 400;\">Al\u00e9m disso, o tricolor ga\u00facho pede tamb\u00e9m o afastamento <\/span><span style=\"font-weight: 400;\">de Leonardo Gaciba, membro da Comiss\u00e3o de Arbitragem da CBF. A den\u00fancia diz que ele teria se reunido com dirigentes do S\u00e3o Paulo.\u00a0<\/span><\/p>\n<p><span style=\"font-weight: 400;\">Em seu site oficial, o STJD explica em comunicado, que o Gr\u00eamio solicitou a troca da arbitragem horas antes da partida e afirma que a mesma interferiu decisivamente em, no m\u00ednimo, quatro lances capitais do jogo, sendo dois de expuls\u00f5es e dois p\u00eanaltis n\u00e3o marcados. O tricolor ga\u00facho relembra que o \u00c1rbitro de V\u00eddeo (VAR), n\u00e3o foi consultado, tornando imposs\u00edvel n\u00e3o se cogitar a hip\u00f3tese de suspei\u00e7\u00e3o para o caso.<\/span><\/p>\n<p><span style=\"font-weight: 400;\">Na ocasi\u00e3o, a c\u00fapula gremista reclama dos pis\u00f5es de Daniel Alves em Luiz Fernando e Tch\u00ea Tch\u00ea em Alisson, al\u00e9m de p\u00eanaltis cometidos de Reinaldo em Pep\u00ea e Geromel<\/span><\/p>\n<p><span style=\"font-weight: 400;\">Al\u00e9m disso, o clube enviou um documento para a Confedera\u00e7\u00e3o Brasileira de Futebol (CBF), no qual requer \u201cdisponibilidade de\u00a0 todos os \u00e1udios da equipe de arbitragem durante a partida (\u00e1rbitros de campo, cabine do VAR e todas as comunica\u00e7\u00f5es entre a equipe de campo e a cabine do \u00e1rbitro de v\u00eddeo), sejam fornecidas as informa\u00e7\u00f5es que quem participou da reuni\u00e3o entre CBF e S\u00e3o Paulo antes da partida, bem como a pauta, conte\u00fado e as m\u00eddias da reuni\u00e3o; esclare\u00e7a se houve pedido de algum representante do S\u00e3o Paulo no sentido de alterar a equipe de arbitragem da partida e qual a justificativa apresentada\u201d.<\/span><\/p>\n","protected":false},"excerpt":{"rendered":"<p>Por conta dos erros de arbitragem na partida diante do S\u00e3o Paulo, no \u00faltimo s\u00e1bado (17), v\u00e1lida pela 17\u00aa rodada do Campeonato Brasileiro, o Gr\u00eamio formalizou um pedido no Supremo Tribunal de Justi\u00e7a Desportiva (STJD), no qual pede anula\u00e7\u00e3o do referido jogo.\u00a0 A arbitragem do jogo esteve nas m\u00e3os de Rafael Traci, \u00e1rbitro Fifa de [&hellip;]<\/p>\n","protected":false},"author":96,"featured_media":171367,"comment_status":"closed","ping_status":"closed","sticky":false,"template":"","format":"standard","meta":{"footnotes":""},"categories":[436,257,439],"tags":[],"class_list":["post-171366","post","type-post","status-publish","format-standard","has-post-thumbnail","hentry","category-destaque-da-semana","category-esporte","category-ultima-hora"],"_links":{"self":[{"href":"https:\/\/diarioregionaldigital.com.br\/index.php?rest_route=\/wp\/v2\/posts\/171366","targetHints":{"allow":["GET"]}}],"collection":[{"href":"https:\/\/diarioregionaldigital.com.br\/index.php?rest_route=\/wp\/v2\/posts"}],"about":[{"href":"https:\/\/diarioregionaldigital.com.br\/index.php?rest_route=\/wp\/v2\/types\/post"}],"author":[{"embeddable":true,"href":"https:\/\/diarioregionaldigital.com.br\/index.php?rest_route=\/wp\/v2\/users\/96"}],"replies":[{"embeddable":true,"href":"https:\/\/diarioregionaldigital.com.br\/index.php?rest_route=%2Fwp%2Fv2%2Fcomments&post=171366"}],"version-history":[{"count":0,"href":"https:\/\/diarioregionaldigital.com.br\/index.php?rest_route=\/wp\/v2\/posts\/171366\/revisions"}],"wp:featuredmedia":[{"embeddable":true,"href":"https:\/\/diarioregionaldigital.com.br\/index.php?rest_route=\/wp\/v2\/media\/171367"}],"wp:attachment":[{"href":"https:\/\/diarioregionaldigital.com.br\/index.php?rest_route=%2Fwp%2Fv2%2Fmedia&parent=171366"}],"wp:term":[{"taxonomy":"category","embeddable":true,"href":"https:\/\/diarioregionaldigital.com.br\/index.php?rest_route=%2Fwp%2Fv2%2Fcategories&post=171366"},{"taxonomy":"post_tag","embeddable":true,"href":"https:\/\/diarioregionaldigital.com.br\/index.php?rest_route=%2Fwp%2Fv2%2Ftags&post=171366"}],"curies":[{"name":"wp","href":"https:\/\/api.w.org\/{rel}","templated":true}]}}