{"id":171360,"date":"2020-10-20T14:44:23","date_gmt":"2020-10-20T17:44:23","guid":{"rendered":"https:\/\/diarioregionaldigital.com.br\/?p=171360"},"modified":"2020-10-20T14:44:23","modified_gmt":"2020-10-20T17:44:23","slug":"faculdade-de-educacao-fisica-da-ufjf-organiza-primeiro-seminario-internacional-de-gestao-do-esporte","status":"publish","type":"post","link":"https:\/\/diarioregionaldigital.com.br\/?p=171360","title":{"rendered":"Faculdade de Educa\u00e7\u00e3o F\u00edsica da UFJF organiza Primeiro Semin\u00e1rio Internacional de Gest\u00e3o do Esporte"},"content":{"rendered":"<p><span style=\"font-weight: 400;\">A Faculdade de Educa\u00e7\u00e3o F\u00edsica (FAEFID) da Universidade Federal de Juiz de Fora (UFJF), realizar\u00e1 neste fim de semana dos dias 23 e 24 de outubro, o I Semin\u00e1rio Internacional de Gest\u00e3o do Esporte. O evento estar\u00e1 celebrando o anivers\u00e1rio de 10 anos do I F\u00f3rum Internacional de Gest\u00e3o do Esporte e I Encontro Mineiro de Gest\u00e3o do Esporte, ambos realizados no ano de 2010. O p\u00fablico-alvo pretendido s\u00e3o os estudantes da FAEFID, de outras faculdades e profissionais que j\u00e1 atuam na \u00e1rea acad\u00eamica e do esporte.<\/span><\/p>\n<p><span style=\"font-weight: 400;\">A organiza\u00e7\u00e3o do evento, ser\u00e1 coordenado pelo professor Luiz Carlos Pessoa Nery, junto ao ACE Jr., empresa j\u00fanior da FAEFID. O primeiro dia de semin\u00e1rio, sexta-feira (23), vai ser das 17h \u00e0s 21h. J\u00e1 o \u00faltimo dia da programa\u00e7\u00e3o ser\u00e1 no s\u00e1bado (24) das 15h \u00e0s 19h. Toda as atra\u00e7\u00f5es ser\u00e3o transmitidas ao vivo no YouTube, pelo canal da ACE Jr.\u00a0\u00a0<\/span><\/p>\n<p><span style=\"font-weight: 400;\">Al\u00e9m disso, o evento tem como objetivo mobilizar a comunidade acad\u00eamica frente aos temas abordados e incentivar os alunos e profissionais da \u00e1rea a terem uma nova perspectiva advindos da pandemia, bem como as novas possibilidades de aprendizado remoto.<\/span><\/p>\n<p><span style=\"font-weight: 400;\">O cronograma do semin\u00e1rio contar\u00e1 com mesas de debate, que ir\u00e3o abordar uma linha hist\u00f3rica, quanto a seus participantes, trazendo personagens que participaram no evento h\u00e1 10 anos; pessoas do presente da FAEFID e tamb\u00e9m pessoas que tratar\u00e3o sobre para onde a gest\u00e3o do esporte est\u00e1 caminhando. Inclusive, estar\u00e3o presentes palestrantes da R\u00fassia, Portugal, Equador e Brasil, sendo todos esses refer\u00eancias em suas \u00e1reas.<\/span><\/p>\n<p><b>Programa\u00e7\u00e3o detalhada<\/b><\/p>\n<p><b>Sexta-Feira (23\/10\/2020)<\/b><\/p>\n<p><b>Mesa 1<\/b><span style=\"font-weight: 400;\"> \u2013 10 anos do F\u00f3rum Internacional de Gest\u00e3o do Esporte \/ I Encontro Mineiro de Gest\u00e3o do Esporte<\/span><\/p>\n<p><b>Tempo total (17 h \u00e0s 19 h)<\/b><\/p>\n<p><b>Modera\u00e7\u00e3o: <\/b><span style=\"font-weight: 400;\">Prof. Dr. Danilo Reis Coimbra \u2013 Professor da Faculdade de Educa\u00e7\u00e3o F\u00edsica \u2013 UFJF\/GV<\/span><\/p>\n<p><b>17:05 \u2013 17:25<\/b><span style=\"font-weight: 400;\"> Marcelo Barreto \u2013 Editor-Chefe e apresentador do programa Reda\u00e7\u00e3o SporTV, do Grupo Globo<\/span><\/p>\n<p><span style=\"font-weight: 400;\">Tema: A import\u00e2ncia da M\u00eddia no Desenvolvimento do Esporte de Alto Rendimento.<\/span><\/p>\n<p><b>17:25 \u2013 17:45<\/b><span style=\"font-weight: 400;\"> \u2013 Prof. Dr. Heglison Cust\u00f3dio Toledo \u2013 Professor da Faculdade de Educa\u00e7\u00e3o F\u00edsica e Desportos da UFJF<\/span><\/p>\n<p><span style=\"font-weight: 400;\">Tema: Gest\u00e3o do Esporte: Tradi\u00e7\u00f5es e Inova\u00e7\u00f5es.<\/span><\/p>\n<p><span style=\"font-weight: 400;\">\u00a0<\/span><b>17:45 \u2013 18:05<\/b><span style=\"font-weight: 400;\"> Prof. Dr. Thadeu Gasparetto \u2013 Professor Associado na Higher School of Economics em S\u00e3o Petersburgo \u2013 R\u00fassia<\/span><\/p>\n<p><span style=\"font-weight: 400;\">Tema: A Economia do Esporte no Brasil: Do F\u00f3rum Internacional de Gest\u00e3o do Esporte aos dias atuais.<\/span><\/p>\n<p><b>18:05 \u2013 18:25<\/b><span style=\"font-weight: 400;\"> Prof. Dr. Maur\u00edcio Gatt\u00e1s Bara Filho &#8211; Professor da Faculdade de Educa\u00e7\u00e3o F\u00edsica e Desportos da UFJF<\/span><\/p>\n<p><span style=\"font-weight: 400;\">Tema: O esporte do contexto acad\u00eamico ao alto rendimento.<\/span><\/p>\n<p><b>18:25 \u2013 19<\/b><span style=\"font-weight: 400;\"> \u00a0 Debate e respostas \u00e0s perguntas do p\u00fablico<\/span><\/p>\n<hr \/>\n<p><b>Mesa 2<\/b><span style=\"font-weight: 400;\"> \u2013 A Gest\u00e3o do Esporte nos dias atuais<\/span><\/p>\n<p><b>Tempo total (19 h \u00e0s 21 h)<\/b><\/p>\n<p><b>Modera\u00e7\u00e3o \u2013 <\/b><span style=\"font-weight: 400;\">Prof. Dr. Jeferson de Macedo Vianna \u2013 Professor da Faculdade de Educa\u00e7\u00e3o F\u00edsica e Desportos da UFJF<\/span><\/p>\n<p><span style=\"font-weight: 400;\">19:05 \u2013 19:25 Prof. Marcos Nunes \u2013 Organizador do F\u00f3rum Internacional de Gest\u00e3o do Esporte 2020.<\/span><\/p>\n<p><span style=\"font-weight: 400;\">Tema: A Gest\u00e3o do Esporte em foco: Vicissitudes cotidianas.<\/span><\/p>\n<p><span style=\"font-weight: 400;\">19:25 \u2013 19:45 Prof. Dr. Thiago Santos &#8211; Coordenador do Curso de Licenciatura em Gest\u00e3o do Desporte da Universidade Europeia de Lisboa.<\/span><\/p>\n<p><span style=\"font-weight: 400;\">Tema: A forma\u00e7\u00e3o em Gest\u00e3o do Esporte: Intera\u00e7\u00f5es entre academia e mercado.<\/span><\/p>\n<p><span style=\"font-weight: 400;\">19:45 \u2013 20:05 Prof. Ddo. Emmanuel Alves Carneiro \u2013 Coordenador do Curso Tecn\u00f3logo de Gest\u00e3o do Esporte e Lazer do Instituto Federal do Cear\u00e1<\/span><\/p>\n<p><span style=\"font-weight: 400;\">Tema: Forma\u00e7\u00e3o em Gest\u00e3o do Esporte e Lazer: Perspectivas e desafios.<\/span><\/p>\n<p><span style=\"font-weight: 400;\">20:05 \u2013 20:25 Prof. Dr. Leandro Mazzei \u2013 Presidente Associa\u00e7\u00e3o Brasileira de Gest\u00e3o do Esporte (ABRAGESP)<\/span><\/p>\n<p><span style=\"font-weight: 400;\">Tema: Gest\u00e3o do Esporte no Brasil: Desafios e perspectivas.<\/span><\/p>\n<p><span style=\"font-weight: 400;\">20:25 \u2013 21:00<\/span> <span style=\"font-weight: 400;\">Debate e respostas \u00e0s perguntas do p\u00fablico<\/span><\/p>\n<hr \/>\n<p><b>S\u00e1bado (24\/10\/2020)<\/b><\/p>\n<p><b>Mesa 3<\/b><span style=\"font-weight: 400;\"> \u2013 Em busca de um novo caminho na Gest\u00e3o do Esporte: a Gest\u00e3o do Conhecimento<\/span><\/p>\n<p><b>Tempo total (15 h \u00e0s 17 h)<\/b><\/p>\n<p><b>Moderador: Prof. Dr. Luiz Carlos Pessoa Nery &#8211; <\/b><span style=\"font-weight: 400;\">Pesquisador do<\/span> <span style=\"font-weight: 400;\">Centro de Estudos em Pol\u00edtica e Gest\u00e3o do Esporte e Lazer \u2013 CEGEL\/UESB<\/span><\/p>\n<p><span style=\"font-weight: 400;\">15:05 \u2013 15:25 Prof. Ddo. Tem\u00edstocles Damasceno Silva \u2013 Centro de Estudos em Pol\u00edtica e Gest\u00e3o do Esporte e Lazer \u2013 CEGEL\/UESB.<\/span><\/p>\n<p><span style=\"font-weight: 400;\">Tema: A pol\u00edtica p\u00fablica de esporte e suas rela\u00e7\u00f5es com a gest\u00e3o do conhecimento.<\/span><\/p>\n<p><span style=\"font-weight: 400;\">15:25 &#8211; 15:45 Prof. Dr. Summar Alfredo G\u00f3mez Barrios \u2013 Director del Centro de Investigaci\u00f3n y estudios del deporte \u2013 CIED.<\/span><\/p>\n<p><span style=\"font-weight: 400;\">Tema: La gerencia del deporte en los d\u00edas actuales una perspectiva cultural.<\/span><\/p>\n<p><span style=\"font-weight: 400;\">15:45 \u2013 16:05 Prof Renata Dalmaso \u2013 Presidente da Sociedade Brasileira de Gest\u00e3o do Conhecimento \u2013 SBGC.<\/span><\/p>\n<p><span style=\"font-weight: 400;\">Tema: A sociedade brasileira de gest\u00e3o do conhecimento apoiando a gest\u00e3o do conhecimento no esporte<\/span><\/p>\n<p><span style=\"font-weight: 400;\">16:05 \u2013 16: 25 Msd. Rosane Barros Nascimento \u2013 Diretora Financeira da Confedera\u00e7\u00e3o Brasileira de Deficientes Visuais.<\/span><\/p>\n<p><span style=\"font-weight: 400;\">Tema: A estrutura do esporte Paral\u00edmpico brasileiro.<\/span><\/p>\n<p><span style=\"font-weight: 400;\">16:25 \u2013 17:00 \u00a0 Debate e respostas \u00e0s perguntas do p\u00fablico<\/span><\/p>\n<hr \/>\n<p><b>Mesa 4<\/b><span style=\"font-weight: 400;\"> \u2013 Esporte 4.0<\/span><\/p>\n<p><b>Tempo total (17h \u00e0s 19h)<\/b><\/p>\n<p><b>Moderador: <\/b><span style=\"font-weight: 400;\">Prof. Dr. Cristiano Diniz \u2013 Professor do departamento de Educa\u00e7\u00e3o F\u00edsica da UFJF, Campus Governador Valadares<\/span><\/p>\n<p><span style=\"font-weight: 400;\">17:05 \u2013 17:25<\/span> <span style=\"font-weight: 400;\">Prof. Renato D\u2019\u00e1vila \u2013 Superintendente da Confedera\u00e7\u00e3o Brasileira de V\u00f4lei.<\/span><\/p>\n<p><span style=\"font-weight: 400;\">Tema: Voleibol e inova\u00e7\u00e3o.<\/span><\/p>\n<p><span style=\"font-weight: 400;\">17:25 \u2013 17:45 Prof. Dr. Jo\u00e3o Claudino \u2013 Professor da Universidade de Ita\u00fana\/FUIT e CEO da Load Control<\/span><\/p>\n<p><span style=\"font-weight: 400;\">Tema: Transforma\u00e7\u00e3o digital no esporte.<\/span><\/p>\n<p><span style=\"font-weight: 400;\">17:45 \u2013 18:05 Prof. Ms. Hely Toledo \u2013 Professor Universit\u00e1rio e CEO da Ensino_TECH<\/span><\/p>\n<p><span style=\"font-weight: 400;\">Tema: Ensino Tec: Educa\u00e7\u00e3o, esporte e tecnologia.<\/span><\/p>\n<p><span style=\"font-weight: 400;\">18:05 \u2013 18:25 Prof. Dr. Heglison Cust\u00f3dio Toledo &#8211; Professor da Faculdade de Educa\u00e7\u00e3o F\u00edsica e Desportos da UFJF<\/span><\/p>\n<p><span style=\"font-weight: 400;\">Tema: Esporte 4.0: Perspectivas, conceitos e trajet\u00f3ria.<\/span><\/p>\n<p>&nbsp;<\/p>\n","protected":false},"excerpt":{"rendered":"<p>A Faculdade de Educa\u00e7\u00e3o F\u00edsica (FAEFID) da Universidade Federal de Juiz de Fora (UFJF), realizar\u00e1 neste fim de semana dos dias 23 e 24 de outubro, o I Semin\u00e1rio Internacional de Gest\u00e3o do Esporte. O evento estar\u00e1 celebrando o anivers\u00e1rio de 10 anos do I F\u00f3rum Internacional de Gest\u00e3o do Esporte e I Encontro Mineiro [&hellip;]<\/p>\n","protected":false},"author":96,"featured_media":171361,"comment_status":"closed","ping_status":"closed","sticky":false,"template":"","format":"standard","meta":{"footnotes":""},"categories":[436,257,439],"tags":[],"class_list":["post-171360","post","type-post","status-publish","format-standard","has-post-thumbnail","hentry","category-destaque-da-semana","category-esporte","category-ultima-hora"],"_links":{"self":[{"href":"https:\/\/diarioregionaldigital.com.br\/index.php?rest_route=\/wp\/v2\/posts\/171360","targetHints":{"allow":["GET"]}}],"collection":[{"href":"https:\/\/diarioregionaldigital.com.br\/index.php?rest_route=\/wp\/v2\/posts"}],"about":[{"href":"https:\/\/diarioregionaldigital.com.br\/index.php?rest_route=\/wp\/v2\/types\/post"}],"author":[{"embeddable":true,"href":"https:\/\/diarioregionaldigital.com.br\/index.php?rest_route=\/wp\/v2\/users\/96"}],"replies":[{"embeddable":true,"href":"https:\/\/diarioregionaldigital.com.br\/index.php?rest_route=%2Fwp%2Fv2%2Fcomments&post=171360"}],"version-history":[{"count":0,"href":"https:\/\/diarioregionaldigital.com.br\/index.php?rest_route=\/wp\/v2\/posts\/171360\/revisions"}],"wp:featuredmedia":[{"embeddable":true,"href":"https:\/\/diarioregionaldigital.com.br\/index.php?rest_route=\/wp\/v2\/media\/171361"}],"wp:attachment":[{"href":"https:\/\/diarioregionaldigital.com.br\/index.php?rest_route=%2Fwp%2Fv2%2Fmedia&parent=171360"}],"wp:term":[{"taxonomy":"category","embeddable":true,"href":"https:\/\/diarioregionaldigital.com.br\/index.php?rest_route=%2Fwp%2Fv2%2Fcategories&post=171360"},{"taxonomy":"post_tag","embeddable":true,"href":"https:\/\/diarioregionaldigital.com.br\/index.php?rest_route=%2Fwp%2Fv2%2Ftags&post=171360"}],"curies":[{"name":"wp","href":"https:\/\/api.w.org\/{rel}","templated":true}]}}