{"id":171357,"date":"2020-10-20T14:22:12","date_gmt":"2020-10-20T17:22:12","guid":{"rendered":"https:\/\/diarioregionaldigital.com.br\/?p=171357"},"modified":"2020-10-20T14:22:12","modified_gmt":"2020-10-20T17:22:12","slug":"selecao-de-judo-embarca-grand-slam-de-budapeste-que-marca-retomada-de-competicoes-internacionais","status":"publish","type":"post","link":"https:\/\/diarioregionaldigital.com.br\/?p=171357","title":{"rendered":"Sele\u00e7\u00e3o de jud\u00f4 embarca Grand Slam de Budapeste, que marca retomada de competi\u00e7\u00f5es internacionais"},"content":{"rendered":"<p><span style=\"font-weight: 400;\">A sele\u00e7\u00e3o brasileira embarcou na segunda-feira (19), para Hungria, onde disputar\u00e1 o Grand Slam de Budapeste nos pr\u00f3ximos dias 23, 24 e 25 em evento que marca a retomada das competi\u00e7\u00f5es internacionais e da corrida ol\u00edmpica do Jud\u00f4. Mais de 400 atletas de 69 pa\u00edses se inscreveram na competi\u00e7\u00e3o e o Brasil ser\u00e1 representado por 18 judocas no primeiro grande teste p\u00f3s-paralisa\u00e7\u00e3o. O Grand Slam distribui at\u00e9 mil pontos (campe\u00f5es) no ranking classificat\u00f3rio para T\u00f3quio 2020.\u00a0\u00a0<\/span><\/p>\n<p><span style=\"font-weight: 400;\">\u201cAcredito que v\u00e1 ser uma competi\u00e7\u00e3o totalmente imprevis\u00edvel. Nossos atletas conseguiram treinar nos \u00faltimos quatro meses gra\u00e7as ao per\u00edodo em Portugal, na Miss\u00e3o Europa, do COB e da CBJ, e agora, no treinamento que realizamos em Pindamonhangaba. Para essa primeira competi\u00e7\u00e3o, estamos levando aqueles que est\u00e3o melhor treinados. Mas, n\u00e3o sabemos em qual n\u00edvel estar\u00e3o os outros pa\u00edses, quem conseguiu treinar e quem n\u00e3o. Podemos ver favoritos caindo e surpresas surgindo\u201d, aposta o gestor de Alto Rendimento da CBJ, Ney Wilson Pereira.\u00a0<\/span><\/p>\n<p><span style=\"font-weight: 400;\">Dessa forma, a equipe masculina do Brasil ser\u00e1 formada por:<\/span><\/p>\n<p><span style=\"font-weight: 400;\">Eric Takabatake (60kg\/EC Pinheiros\/SP)<\/span><\/p>\n<p><span style=\"font-weight: 400;\">Eduardo Katsuhiro (73kg\/Clube Paineiras do Morumby\/SP)<\/span><\/p>\n<p><span style=\"font-weight: 400;\">Jo\u00e3o Pedro Macedo (81kg\/Sogipa\/RS)<\/span><\/p>\n<p><span style=\"font-weight: 400;\">Rafael Macedo (90kg\/Sogipa\/RS)<\/span><\/p>\n<p><span style=\"font-weight: 400;\">Rafael Buzacarini (100kg\/Clube Paineiras do Morumby\/SP)<\/span><\/p>\n<p><span style=\"font-weight: 400;\">Leonardo Gon\u00e7alves (100kg\/Sogipa\/RS)<\/span><\/p>\n<p><span style=\"font-weight: 400;\">Rafael Silva \u201cBaby\u201d (+100kg\/EC Pinheiros\/SP)<\/span><\/p>\n<p><span style=\"font-weight: 400;\">David Moura (+100kg\/Instituto Rea\u00e7\u00e3o\/RJ)<\/span><\/p>\n<p><span style=\"font-weight: 400;\">Al\u00e9m de mais quatro judocas convocados pela gest\u00e3o das Categorias de Base que est\u00e3o em processo de transi\u00e7\u00e3o do J\u00fanior para o S\u00eanior. S\u00e3o eles: Renan Torres (60kg\/Sesi\/SP), Willian Lima (66kg\/EC Pinheiros\/SP), Guilherme Schimidt (81kg\/Minas T\u00eanis Clube\/MG) e Marcelo Gomes (90kg\/Sogipa\/RS).\u00a0\u00a0<\/span><\/p>\n<p><span style=\"font-weight: 400;\">Entre as mulheres, a equipe nacional contar\u00e1 com:<\/span><\/p>\n<p><span style=\"font-weight: 400;\">Larissa Pimenta (52kg\/EC Pinheiros\/SP)<\/span><\/p>\n<p><span style=\"font-weight: 400;\">J\u00e9ssica Pereira (57kg\/Instituto Rea\u00e7\u00e3o\/RJ)<\/span><\/p>\n<p><span style=\"font-weight: 400;\">Ketleyn Quadros (63kg\/Sogipa\/RS)<\/span><\/p>\n<p><span style=\"font-weight: 400;\">Maria Portela (70kg\/Sogipa\/RS)<\/span><\/p>\n<p><span style=\"font-weight: 400;\">Maria Suelen Altheman (+78kg\/EC Pinheiros\/SP)<\/span><\/p>\n<p><span style=\"font-weight: 400;\">Beatriz Souza (+78kg\/EC Pinheiros\/SP).\u00a0\u00a0<\/span><\/p>\n<p><span style=\"font-weight: 400;\">A prepara\u00e7\u00e3o dos brasileiros passou por quase tr\u00eas meses de treinos em Coimbra, Portugal, com a Miss\u00e3o Europa, parceria entre Comit\u00ea Ol\u00edmpico do Brasil e Confedera\u00e7\u00e3o Brasileira de Jud\u00f4, entre junho e agosto, e um \u00faltimo per\u00edodo de lapida\u00e7\u00e3o em Pindamonhangaba, no treinamento de campo promovido pela Confedera\u00e7\u00e3o Brasileira de Jud\u00f4, em outubro.\u00a0<\/span><\/p>\n<h3><b>Protocolos do Grand Slam<\/b><\/h3>\n<p><span style=\"font-weight: 400;\">Para chegarem seguros ao tatame h\u00fangaro em meio \u00e0 pandemia do novo coronav\u00edrus, as delega\u00e7\u00f5es precisar\u00e3o cumprir uma s\u00e9rie de medidas de seguran\u00e7a determinadas pela Federa\u00e7\u00e3o Internacional de Jud\u00f4 e pelo governo h\u00fangaro.\u00a0 Todos os participantes passar\u00e3o por quatro testes de COVID-19 (PCR) em momentos distintos (dois antes do evento, outro quando chegarem \u00e0 Budapeste e o \u00faltimo no momento da pesagem). Se um membro da delega\u00e7\u00e3o &#8220;furar&#8221; o isolamento, por exemplo, toda a equipe ser\u00e1 desclassificada do torneio imediatamente. Al\u00e9m disso, os organizadores exigiram que cada pa\u00eds viajasse com um gerente de Covid. No caso do Brasil, um m\u00e9dico cumprir\u00e1 esse papel.\u00a0\u00a0<\/span><\/p>\n<h3><b>Retrospectiva 2020\u00a0<\/b><\/h3>\n<p><span style=\"font-weight: 400;\">O Circuito Mundial IJF foi interrompido em mar\u00e7o pela pandemia e, at\u00e9 ent\u00e3o, o Brasil vinha bem nas competi\u00e7\u00f5es. Foram 20 medalhas nas sete competi\u00e7\u00f5es disputadas apenas no primeiro trimestre do ano.\u00a0\u00a0<\/span><\/p>\n<p><span style=\"font-weight: 400;\">Em janeiro, no Grand Prix de Tel Aviv, a sele\u00e7\u00e3o masculina brilhou, com uma prata, de Leonardo Gon\u00e7alves (100kg), e os quatro bronzes de Daniel Cargnin (66kg), Eduardo Yudy (81kg), Rafael Macedo (90kg) e Rafael Buzacarini (100kg).\u00a0\u00a0<\/span><\/p>\n<p><span style=\"font-weight: 400;\">Em fevereiro, nos Abertos Europeus de S\u00f3fia (BUL), Odivelas (POR), Oberwart (AUT) e Bratislava (SLK), os brasileiros arremataram 11 medalhas.\u00a0\u00a0<\/span><\/p>\n<p><span style=\"font-weight: 400;\">Os \u00fanicos Grand Slam realizados neste ano foram Paris e Dusseldorf, dois dos mais tradicionais e fortes do Circuito, ambos em fevereiro. Na Fran\u00e7a, o Brasil foi ao p\u00f3dio com Larissa Pimenta (bronze) e Beatriz Souza (bronze). Na Alemanha, Mayra Aguiar (prata) e Rafael Silva \u201cBaby\u201d (bronze) garantiram as medalhas brasileiras.\u00a0<\/span><\/p>\n<p><b>Grand slam de budapeste &#8211; programa\u00e7\u00e3o (hor\u00e1rios de bras\u00edlia)\u00a0\u00a0<\/b><\/p>\n<p><b>QUINTA-FEIRA, 22<\/b><\/p>\n<p><span style=\"font-weight: 400;\">9H &#8211; Sorteio das Chaves (online)\u00a0<\/span><\/p>\n<p><b>SEXTA, 23<\/b><\/p>\n<p><span style=\"font-weight: 400;\">10h &#8211; Bloco Final (medalhas)<\/span><\/p>\n<p><span style=\"font-weight: 400;\">Lutam: Larissa Pimenta (52kg), J\u00e9ssica Pereira (57kg), Eric Takabatake (60kg), Renan Torres (60kg) e Willian Lima (66kg).\u00a0<\/span><\/p>\n<p><b>S\u00c1BADO, 24<\/b><\/p>\n<p><span style=\"font-weight: 400;\">10h &#8211; Bloco Final (medalhas)<\/span><\/p>\n<p><span style=\"font-weight: 400;\">Lutam: Ketleyn Quadros (63kg), Maria Portela (70kg), Eduardo Katsuhiro (73kg), Jo\u00e3o Pedro Macedo (81kg) e Guilherme Schimidt (81kg).\u00a0<\/span><\/p>\n<p><b>DOMINGO, 25<\/b><\/p>\n<p><span style=\"font-weight: 400;\">10h &#8211; Bloco Final (medalhas)<\/span><\/p>\n<p><span style=\"font-weight: 400;\">Lutam: Maria Suelen Altheman (+78kg), Beatriz Souza (+78kg), Rafael Macedo (90kg), Marcelo Gomes (90kg), Rafael Buzacarini (100kg), Leonardo Gon\u00e7alves (100kg), Rafael Silva \u201cBaby\u201d (+100kg) e David Moura (+100kg).<\/span><\/p>\n<p><strong>Fonte:<\/strong> COB<\/p>\n","protected":false},"excerpt":{"rendered":"<p>A sele\u00e7\u00e3o brasileira embarcou na segunda-feira (19), para Hungria, onde disputar\u00e1 o Grand Slam de Budapeste nos pr\u00f3ximos dias 23, 24 e 25 em evento que marca a retomada das competi\u00e7\u00f5es internacionais e da corrida ol\u00edmpica do Jud\u00f4. Mais de 400 atletas de 69 pa\u00edses se inscreveram na competi\u00e7\u00e3o e o Brasil ser\u00e1 representado por [&hellip;]<\/p>\n","protected":false},"author":96,"featured_media":171358,"comment_status":"closed","ping_status":"closed","sticky":false,"template":"","format":"standard","meta":{"footnotes":""},"categories":[436,257,439],"tags":[],"class_list":["post-171357","post","type-post","status-publish","format-standard","has-post-thumbnail","hentry","category-destaque-da-semana","category-esporte","category-ultima-hora"],"_links":{"self":[{"href":"https:\/\/diarioregionaldigital.com.br\/index.php?rest_route=\/wp\/v2\/posts\/171357","targetHints":{"allow":["GET"]}}],"collection":[{"href":"https:\/\/diarioregionaldigital.com.br\/index.php?rest_route=\/wp\/v2\/posts"}],"about":[{"href":"https:\/\/diarioregionaldigital.com.br\/index.php?rest_route=\/wp\/v2\/types\/post"}],"author":[{"embeddable":true,"href":"https:\/\/diarioregionaldigital.com.br\/index.php?rest_route=\/wp\/v2\/users\/96"}],"replies":[{"embeddable":true,"href":"https:\/\/diarioregionaldigital.com.br\/index.php?rest_route=%2Fwp%2Fv2%2Fcomments&post=171357"}],"version-history":[{"count":0,"href":"https:\/\/diarioregionaldigital.com.br\/index.php?rest_route=\/wp\/v2\/posts\/171357\/revisions"}],"wp:featuredmedia":[{"embeddable":true,"href":"https:\/\/diarioregionaldigital.com.br\/index.php?rest_route=\/wp\/v2\/media\/171358"}],"wp:attachment":[{"href":"https:\/\/diarioregionaldigital.com.br\/index.php?rest_route=%2Fwp%2Fv2%2Fmedia&parent=171357"}],"wp:term":[{"taxonomy":"category","embeddable":true,"href":"https:\/\/diarioregionaldigital.com.br\/index.php?rest_route=%2Fwp%2Fv2%2Fcategories&post=171357"},{"taxonomy":"post_tag","embeddable":true,"href":"https:\/\/diarioregionaldigital.com.br\/index.php?rest_route=%2Fwp%2Fv2%2Ftags&post=171357"}],"curies":[{"name":"wp","href":"https:\/\/api.w.org\/{rel}","templated":true}]}}