{"id":171269,"date":"2020-10-19T17:33:52","date_gmt":"2020-10-19T20:33:52","guid":{"rendered":"https:\/\/diarioregionaldigital.com.br\/?p=171269"},"modified":"2020-10-19T17:33:52","modified_gmt":"2020-10-19T20:33:52","slug":"abastecimento-na-cidade-alta-sera-afetado-nesta-terca-em-virtude-de-manutencao-em-adutora","status":"publish","type":"post","link":"https:\/\/diarioregionaldigital.com.br\/?p=171269","title":{"rendered":"Abastecimento na Cidade Alta ser\u00e1 afetado nesta ter\u00e7a em virtude de manuten\u00e7\u00e3o em adutora"},"content":{"rendered":"<p>Nesta ter\u00e7a-feira, 20, a partir das 8 horas, a Companhia de Saneamento Municipal (Cesama) efetuar\u00e1 manuten\u00e7\u00e3o da adutora de \u00e1gua bruta que atende \u00e0 regi\u00e3o de Cidade Alta. Para execu\u00e7\u00e3o do servi\u00e7o, ser\u00e1 necess\u00e1rio reduzir pela metade a produ\u00e7\u00e3o do sistema local, o que afetar\u00e1 o abastecimento na Cidade Alta, al\u00e9m dos bairros Borboleta, Parque das \u00c1guas e Nova Germ\u00e2nia.<\/p>\n<p>A companhia pede aos moradores que economizem \u00e1gua durante a realiza\u00e7\u00e3o da manuten\u00e7\u00e3o. A previs\u00e3o \u00e9 de que o abastecimento seja normalizado na madrugada desta quarta-feira, 21.<\/p>\n<p><strong>Fonte:\u00a0<\/strong>Assessoria<\/p>\n","protected":false},"excerpt":{"rendered":"<p>Nesta ter\u00e7a-feira, 20, a partir das 8 horas, a Companhia de Saneamento Municipal (Cesama) efetuar\u00e1 manuten\u00e7\u00e3o da adutora de \u00e1gua bruta que atende \u00e0 regi\u00e3o de Cidade Alta. Para execu\u00e7\u00e3o do servi\u00e7o, ser\u00e1 necess\u00e1rio reduzir pela metade a produ\u00e7\u00e3o do sistema local, o que afetar\u00e1 o abastecimento na Cidade Alta, al\u00e9m dos bairros Borboleta, Parque [&hellip;]<\/p>\n","protected":false},"author":96,"featured_media":171270,"comment_status":"closed","ping_status":"closed","sticky":false,"template":"","format":"standard","meta":{"footnotes":""},"categories":[253,436,439],"tags":[],"class_list":["post-171269","post","type-post","status-publish","format-standard","has-post-thumbnail","hentry","category-cidade","category-destaque-da-semana","category-ultima-hora"],"_links":{"self":[{"href":"https:\/\/diarioregionaldigital.com.br\/index.php?rest_route=\/wp\/v2\/posts\/171269","targetHints":{"allow":["GET"]}}],"collection":[{"href":"https:\/\/diarioregionaldigital.com.br\/index.php?rest_route=\/wp\/v2\/posts"}],"about":[{"href":"https:\/\/diarioregionaldigital.com.br\/index.php?rest_route=\/wp\/v2\/types\/post"}],"author":[{"embeddable":true,"href":"https:\/\/diarioregionaldigital.com.br\/index.php?rest_route=\/wp\/v2\/users\/96"}],"replies":[{"embeddable":true,"href":"https:\/\/diarioregionaldigital.com.br\/index.php?rest_route=%2Fwp%2Fv2%2Fcomments&post=171269"}],"version-history":[{"count":0,"href":"https:\/\/diarioregionaldigital.com.br\/index.php?rest_route=\/wp\/v2\/posts\/171269\/revisions"}],"wp:featuredmedia":[{"embeddable":true,"href":"https:\/\/diarioregionaldigital.com.br\/index.php?rest_route=\/wp\/v2\/media\/171270"}],"wp:attachment":[{"href":"https:\/\/diarioregionaldigital.com.br\/index.php?rest_route=%2Fwp%2Fv2%2Fmedia&parent=171269"}],"wp:term":[{"taxonomy":"category","embeddable":true,"href":"https:\/\/diarioregionaldigital.com.br\/index.php?rest_route=%2Fwp%2Fv2%2Fcategories&post=171269"},{"taxonomy":"post_tag","embeddable":true,"href":"https:\/\/diarioregionaldigital.com.br\/index.php?rest_route=%2Fwp%2Fv2%2Ftags&post=171269"}],"curies":[{"name":"wp","href":"https:\/\/api.w.org\/{rel}","templated":true}]}}