{"id":171238,"date":"2020-10-19T15:00:40","date_gmt":"2020-10-19T18:00:40","guid":{"rendered":"https:\/\/diarioregionaldigital.com.br\/?p=171238"},"modified":"2020-10-19T15:00:40","modified_gmt":"2020-10-19T18:00:40","slug":"pm-apreende-drogas-no-bairro-granjas-tres-moinhos","status":"publish","type":"post","link":"https:\/\/diarioregionaldigital.com.br\/?p=171238","title":{"rendered":"PM apreende drogas no Bairro Granjas Tr\u00eas Moinhos"},"content":{"rendered":"<p>Na noite de domingo (18), a Pol\u00edcia Militar (PM) recebeu informa\u00e7\u00f5es a respeito de tr\u00eas indiv\u00edduos, que estariam realizando tr\u00e1fico de drogas na Rua Alvina Ara\u00fajo Alves, no Bairro Granjas Tr\u00eas Moinhos (Regi\u00e3o Leste) em Juiz de Fora. Al\u00e9m disso, a den\u00fancia diz que um dos autores estaria com posse de arma de fogo. Os militares compareceram ao local e ao realizarem abordagem, os indiv\u00edduos fugiram do local e n\u00e3o foram encontrados.<\/p>\n<p>Feito uma varredura, foi encontrado embaixo de uma mesa: um revolver calibre 32 e 43 pedras de crack. Os materiais foram arrecadados e encaminhados para a Delegacia.<\/p>\n","protected":false},"excerpt":{"rendered":"<p>Na noite de domingo (18), a Pol\u00edcia Militar (PM) recebeu informa\u00e7\u00f5es a respeito de tr\u00eas indiv\u00edduos, que estariam realizando tr\u00e1fico de drogas na Rua Alvina Ara\u00fajo Alves, no Bairro Granjas Tr\u00eas Moinhos (Regi\u00e3o Leste) em Juiz de Fora. Al\u00e9m disso, a den\u00fancia diz que um dos autores estaria com posse de arma de fogo. Os [&hellip;]<\/p>\n","protected":false},"author":96,"featured_media":94664,"comment_status":"closed","ping_status":"closed","sticky":false,"template":"","format":"standard","meta":{"footnotes":""},"categories":[301,436,439],"tags":[],"class_list":["post-171238","post","type-post","status-publish","format-standard","has-post-thumbnail","hentry","category-artigos-policiais","category-destaque-da-semana","category-ultima-hora"],"_links":{"self":[{"href":"https:\/\/diarioregionaldigital.com.br\/index.php?rest_route=\/wp\/v2\/posts\/171238","targetHints":{"allow":["GET"]}}],"collection":[{"href":"https:\/\/diarioregionaldigital.com.br\/index.php?rest_route=\/wp\/v2\/posts"}],"about":[{"href":"https:\/\/diarioregionaldigital.com.br\/index.php?rest_route=\/wp\/v2\/types\/post"}],"author":[{"embeddable":true,"href":"https:\/\/diarioregionaldigital.com.br\/index.php?rest_route=\/wp\/v2\/users\/96"}],"replies":[{"embeddable":true,"href":"https:\/\/diarioregionaldigital.com.br\/index.php?rest_route=%2Fwp%2Fv2%2Fcomments&post=171238"}],"version-history":[{"count":0,"href":"https:\/\/diarioregionaldigital.com.br\/index.php?rest_route=\/wp\/v2\/posts\/171238\/revisions"}],"wp:featuredmedia":[{"embeddable":true,"href":"https:\/\/diarioregionaldigital.com.br\/index.php?rest_route=\/wp\/v2\/media\/94664"}],"wp:attachment":[{"href":"https:\/\/diarioregionaldigital.com.br\/index.php?rest_route=%2Fwp%2Fv2%2Fmedia&parent=171238"}],"wp:term":[{"taxonomy":"category","embeddable":true,"href":"https:\/\/diarioregionaldigital.com.br\/index.php?rest_route=%2Fwp%2Fv2%2Fcategories&post=171238"},{"taxonomy":"post_tag","embeddable":true,"href":"https:\/\/diarioregionaldigital.com.br\/index.php?rest_route=%2Fwp%2Fv2%2Ftags&post=171238"}],"curies":[{"name":"wp","href":"https:\/\/api.w.org\/{rel}","templated":true}]}}