{"id":171235,"date":"2020-10-19T14:53:26","date_gmt":"2020-10-19T17:53:26","guid":{"rendered":"https:\/\/diarioregionaldigital.com.br\/?p=171235"},"modified":"2020-10-19T14:53:26","modified_gmt":"2020-10-19T17:53:26","slug":"motociclista-morre-apos-colisao-frontal-com-carro-no-bairro-santo-antonio","status":"publish","type":"post","link":"https:\/\/diarioregionaldigital.com.br\/?p=171235","title":{"rendered":"Motociclista morre ap\u00f3s colis\u00e3o frontal com carro no Bairro Santo Ant\u00f4nio"},"content":{"rendered":"<p>No final da tarde de domingo (18), um ve\u00edculo trafegava em alta velocidade pela Alameda Ilva Melo Reis, no Bairro Santo Ant\u00f4nio (Regi\u00e3o Sudeste) em Juiz de Fora, quando em um determinado momento avan\u00e7ou a faixa dupla e colidiu de frente contra uma motocicleta. A condutora, mulher de 40 anos, morreu no local e uma adolescente de 14, que estava na garupa, foi socorrida pelo Samu. A v\u00edtima teve edema na cabe\u00e7a e escoria\u00e7\u00f5es na perna.<\/p>\n<p>De acordo com informa\u00e7\u00f5es do Boletim de Ocorr\u00eancia da Pol\u00edcia Militar (PM), o motorista do carro estava com sua CNH suspensa e o mesmo apresentava vis\u00edveis sinais de embriaguez. Al\u00e9m disso, o ve\u00edculo teve \u00faltimo licenciamento lan\u00e7ado em 2015. Ao autor foi dado voz de pris\u00e3o em flagrante delito e conduzido \u00e0 Delegacia.<\/p>\n","protected":false},"excerpt":{"rendered":"<p>No final da tarde de domingo (18), um ve\u00edculo trafegava em alta velocidade pela Alameda Ilva Melo Reis, no Bairro Santo Ant\u00f4nio (Regi\u00e3o Sudeste) em Juiz de Fora, quando em um determinado momento avan\u00e7ou a faixa dupla e colidiu de frente contra uma motocicleta. A condutora, mulher de 40 anos, morreu no local e uma [&hellip;]<\/p>\n","protected":false},"author":96,"featured_media":171236,"comment_status":"closed","ping_status":"closed","sticky":false,"template":"","format":"standard","meta":{"footnotes":""},"categories":[253,436,440,439],"tags":[],"class_list":["post-171235","post","type-post","status-publish","format-standard","has-post-thumbnail","hentry","category-cidade","category-destaque-da-semana","category-destaques-do-dia","category-ultima-hora"],"_links":{"self":[{"href":"https:\/\/diarioregionaldigital.com.br\/index.php?rest_route=\/wp\/v2\/posts\/171235","targetHints":{"allow":["GET"]}}],"collection":[{"href":"https:\/\/diarioregionaldigital.com.br\/index.php?rest_route=\/wp\/v2\/posts"}],"about":[{"href":"https:\/\/diarioregionaldigital.com.br\/index.php?rest_route=\/wp\/v2\/types\/post"}],"author":[{"embeddable":true,"href":"https:\/\/diarioregionaldigital.com.br\/index.php?rest_route=\/wp\/v2\/users\/96"}],"replies":[{"embeddable":true,"href":"https:\/\/diarioregionaldigital.com.br\/index.php?rest_route=%2Fwp%2Fv2%2Fcomments&post=171235"}],"version-history":[{"count":0,"href":"https:\/\/diarioregionaldigital.com.br\/index.php?rest_route=\/wp\/v2\/posts\/171235\/revisions"}],"wp:featuredmedia":[{"embeddable":true,"href":"https:\/\/diarioregionaldigital.com.br\/index.php?rest_route=\/wp\/v2\/media\/171236"}],"wp:attachment":[{"href":"https:\/\/diarioregionaldigital.com.br\/index.php?rest_route=%2Fwp%2Fv2%2Fmedia&parent=171235"}],"wp:term":[{"taxonomy":"category","embeddable":true,"href":"https:\/\/diarioregionaldigital.com.br\/index.php?rest_route=%2Fwp%2Fv2%2Fcategories&post=171235"},{"taxonomy":"post_tag","embeddable":true,"href":"https:\/\/diarioregionaldigital.com.br\/index.php?rest_route=%2Fwp%2Fv2%2Ftags&post=171235"}],"curies":[{"name":"wp","href":"https:\/\/api.w.org\/{rel}","templated":true}]}}