{"id":171232,"date":"2020-10-19T14:42:42","date_gmt":"2020-10-19T17:42:42","guid":{"rendered":"https:\/\/diarioregionaldigital.com.br\/?p=171232"},"modified":"2020-10-19T14:42:42","modified_gmt":"2020-10-19T17:42:42","slug":"guedes-diz-que-recuo-na-economia-sera-menor-que-o-esperado","status":"publish","type":"post","link":"https:\/\/diarioregionaldigital.com.br\/?p=171232","title":{"rendered":"Guedes diz que recuo na economia ser\u00e1 menor que o esperado"},"content":{"rendered":"<p><span style=\"font-weight: 400;\">O ministro da Economia, Paulo Guedes, afirmou nesta segunda-feira (19) que a economia brasileira est\u00e1 em recupera\u00e7\u00e3o e o recuo do Produto Interno Bruto (PIB) neste ano ser\u00e1 menor do que o esperado inicialmente.<\/span><\/p>\n<p><span style=\"font-weight: 400;\">O PIB \u00e9 a soma de todos os bens e servi\u00e7os produzidos no pa\u00eds. \u201cA previs\u00e3o inicial do FMI [Fundo Monet\u00e1rio Internacional] e outras institui\u00e7\u00f5es financeiras era que o PIB brasileiro cairia quase 10%, ou mais e n\u00f3s revisamos para 5% a 5,5%, metade da estimativa inicial. Mas pensamos que vai ser muito menos do que isso: 4% de queda\u201d, afirmou o ministro em v\u00eddeo gravado e transmitido em reuni\u00e3o virtual da C\u00fapula da C\u00e2mara de Com\u00e9rcio Brasil-Estados Unidos.<\/span><\/p>\n<p><span style=\"font-weight: 400;\">Em setembro, quando a \u00faltima estimativa foi divulgada, a Secretaria de Pol\u00edtica Econ\u00f4mica (SPE) do Minist\u00e9rio da Economia manteve a proje\u00e7\u00e3o para a queda da economia, neste ano, em 4,7%.<\/span><\/p>\n<p><span style=\"font-weight: 400;\">Em pesquisa do BC ao mercado financeiro divulgada hoje, a previs\u00e3o de bancos \u00e9 que ao PIB ter\u00e1 retra\u00e7\u00e3o de 5% em 2020.<\/span><\/p>\n<h2><b>Investimentos e teto dos gastos<\/b><\/h2>\n<p><span style=\"font-weight: 400;\">O ministro afirmou ainda que \u00e9 preciso transformar \u201ca onda de consumo\u201d estimulada pelo aux\u00edlio emergencial, que sustentou as pessoas mais vulner\u00e1veis na crise gerada pela pandemia da covid-19, em um \u201cbom de investimentos\u201d.<\/span><\/p>\n<p><span style=\"font-weight: 400;\">Segundo o ministro, o governo manter\u00e1 a agenda de reformas e quer abrir a fronteira de investimentos, com mudan\u00e7as em marcos regulat\u00f3rios, mais concess\u00f5es e privatiza\u00e7\u00f5es. Ele citou a aprova\u00e7\u00e3o do marco do saneamento pelo Congresso Nacional e lembrou de outras propostas como do g\u00e1s natural.<\/span><\/p>\n<p><span style=\"font-weight: 400;\">Guedes defendeu ainda o teto de gastos para controlar as contas p\u00fablicas. De acordo com o ministro, enquanto a classe pol\u00edtica n\u00e3o tiver controle sobre o or\u00e7amento, por conta das indexa\u00e7\u00f5es que existem atualmente, n\u00e3o ser\u00e1 poss\u00edvel eliminar o teto de gastos. \u201cSe desindexarmos o or\u00e7amento, se fizermos desobriga\u00e7\u00e3o, desvincularmos todos esses gastos e a classe pol\u00edtica tomar controle do or\u00e7amento novamente, como em qualquer outro pa\u00eds, poder\u00edamos nos dar ao luxo de liberar esse teto\u201d, disse.<\/span><\/p>\n<p><span style=\"font-weight: 400;\">O ministro acrescentou que a manuten\u00e7\u00e3o do teto \u00e9 uma \u201cgrande luta\u201d. \u201cEm alguns momentos h\u00e1 at\u00e9 luta interna, fogo amigo, pessoas aqui que querem gastar dinheiro e mandam sinais mistos para o mercado, isso \u00e9 muito ruim\u201d, disse. Guedes destacou que o presidente Jair Bolsonaro tem dado apoio para a manuten\u00e7\u00e3o do teto dos gastos.<\/span><\/p>\n<p><strong>Fonte:<\/strong> Ag\u00eancia Brasil<\/p>\n","protected":false},"excerpt":{"rendered":"<p>O ministro da Economia, Paulo Guedes, afirmou nesta segunda-feira (19) que a economia brasileira est\u00e1 em recupera\u00e7\u00e3o e o recuo do Produto Interno Bruto (PIB) neste ano ser\u00e1 menor do que o esperado inicialmente. O PIB \u00e9 a soma de todos os bens e servi\u00e7os produzidos no pa\u00eds. \u201cA previs\u00e3o inicial do FMI [Fundo Monet\u00e1rio [&hellip;]<\/p>\n","protected":false},"author":96,"featured_media":171233,"comment_status":"closed","ping_status":"closed","sticky":false,"template":"","format":"standard","meta":{"footnotes":""},"categories":[436,261,439],"tags":[],"class_list":["post-171232","post","type-post","status-publish","format-standard","has-post-thumbnail","hentry","category-destaque-da-semana","category-economia","category-ultima-hora"],"_links":{"self":[{"href":"https:\/\/diarioregionaldigital.com.br\/index.php?rest_route=\/wp\/v2\/posts\/171232","targetHints":{"allow":["GET"]}}],"collection":[{"href":"https:\/\/diarioregionaldigital.com.br\/index.php?rest_route=\/wp\/v2\/posts"}],"about":[{"href":"https:\/\/diarioregionaldigital.com.br\/index.php?rest_route=\/wp\/v2\/types\/post"}],"author":[{"embeddable":true,"href":"https:\/\/diarioregionaldigital.com.br\/index.php?rest_route=\/wp\/v2\/users\/96"}],"replies":[{"embeddable":true,"href":"https:\/\/diarioregionaldigital.com.br\/index.php?rest_route=%2Fwp%2Fv2%2Fcomments&post=171232"}],"version-history":[{"count":0,"href":"https:\/\/diarioregionaldigital.com.br\/index.php?rest_route=\/wp\/v2\/posts\/171232\/revisions"}],"wp:featuredmedia":[{"embeddable":true,"href":"https:\/\/diarioregionaldigital.com.br\/index.php?rest_route=\/wp\/v2\/media\/171233"}],"wp:attachment":[{"href":"https:\/\/diarioregionaldigital.com.br\/index.php?rest_route=%2Fwp%2Fv2%2Fmedia&parent=171232"}],"wp:term":[{"taxonomy":"category","embeddable":true,"href":"https:\/\/diarioregionaldigital.com.br\/index.php?rest_route=%2Fwp%2Fv2%2Fcategories&post=171232"},{"taxonomy":"post_tag","embeddable":true,"href":"https:\/\/diarioregionaldigital.com.br\/index.php?rest_route=%2Fwp%2Fv2%2Ftags&post=171232"}],"curies":[{"name":"wp","href":"https:\/\/api.w.org\/{rel}","templated":true}]}}