{"id":171223,"date":"2020-10-19T14:26:04","date_gmt":"2020-10-19T17:26:04","guid":{"rendered":"https:\/\/diarioregionaldigital.com.br\/?p=171223"},"modified":"2020-10-19T14:26:04","modified_gmt":"2020-10-19T17:26:04","slug":"romeu-zema-apresenta-portfolio-de-projetos-2021-ao-lider-da-bancada-mineira-na-camara","status":"publish","type":"post","link":"https:\/\/diarioregionaldigital.com.br\/?p=171223","title":{"rendered":"Romeu Zema apresenta Portf\u00f3lio de Projetos 2021 ao l\u00edder da bancada mineira na C\u00e2mara"},"content":{"rendered":"<p><span style=\"font-weight: 400;\">O governador Romeu Zema apresentou nesta segunda-feira (19), na Cidade Administrativa, ao l\u00edder da bancada mineira na C\u00e2mara Federal, deputado Diego Andrade, o Portf\u00f3lio de Projetos 2021. O documento re\u00fane 249 projetos priorit\u00e1rios que t\u00eam a finalidade de atrair recursos de emendas parlamentares federais para execu\u00e7\u00e3o de pol\u00edticas p\u00fablicas.<\/span><\/p>\n<p><span style=\"font-weight: 400;\">Os projetos somam quase R$ 2 bilh\u00f5es, distribu\u00eddos por todas as regi\u00f5es e \u00e1reas do Estado, como Infraestrutura, Seguran\u00e7a, Educa\u00e7\u00e3o, Sa\u00fade e Agroneg\u00f3cio. Para 2021, o Estado de Minas Gerais ir\u00e1 oferecer at\u00e9 20% de contrapartida para projetos ligados \u00e0 Sa\u00fade e Educa\u00e7\u00e3o e 2% para projetos das demais \u00e1reas tem\u00e1ticas.<\/span><\/p>\n<p><b>Transpar\u00eancia<\/b><\/p>\n<p><span style=\"font-weight: 400;\">Para aumentar a transpar\u00eancia, agilidade no acesso e conhecimento dos projetos pelos parlamentares, a Secretaria de Estado de Planejamento e Gest\u00e3o (Seplag) desenvolveu um aplicativo para facilitar a consulta ao portf\u00f3lio, seja por \u00e1rea, regi\u00e3o do estado e at\u00e9 mesmo o valor financeiro do projeto.<\/span><\/p>\n<p><span style=\"font-weight: 400;\">Por videoconfer\u00eancia, Romeu Zema afirmou ao l\u00edder da bancada na C\u00e2mara, deputado Diego Andrade, que a atual gest\u00e3o continuar\u00e1 priorizando a transpar\u00eancia na execu\u00e7\u00e3o dos conv\u00eanios. \u201cAo alocar os recursos, o parlamentar ter\u00e1 a seguran\u00e7a de que a verba ser\u00e1 empregada corretamente\u201d, disse.<\/span><\/p>\n<p><span style=\"font-weight: 400;\">Zema ressaltou que outra estrat\u00e9gia ser\u00e1 o monitoramento da execu\u00e7\u00e3o das emendas, trimestralmente, bem como apoio e coordena\u00e7\u00e3o de todo o processo.<\/span><\/p>\n<p><span style=\"font-weight: 400;\">O deputado Diego Andrade afirmou que confia muito na atual gest\u00e3o e na conduta do governador para fazer a articula\u00e7\u00e3o junto \u00e0 bancada e aos senadores para aumentar o n\u00famero de emendas nos projetos priorit\u00e1rios do Governo de Minas.<\/span><\/p>\n<p><b>Necessidades<\/b><\/p>\n<p><span style=\"font-weight: 400;\">Tamb\u00e9m presente na videoconfer\u00eancia, o secret\u00e1rio de Estado de Planejamento e Gest\u00e3o, Otto Levy, explicou que a constru\u00e7\u00e3o do portf\u00f3lio \u00e9 resultado de um trabalho conjunto das secretarias para identificar as principais necessidades de Minas Gerais.<\/span><\/p>\n<p><span style=\"font-weight: 400;\">O secret\u00e1rio de Estado de Governo, Igor Eto, lembrou da grave dificuldade financeira que Minas enfrenta, mas ressaltou que a parceria harmoniosa e produtiva com os parlamentares, que conhecem de perto a realidade dos munic\u00edpios, possibilitar\u00e1 que o Executivo mineiro garanta a execu\u00e7\u00e3o de pol\u00edticas p\u00fablicas que ir\u00e3o beneficiar toda a popula\u00e7\u00e3o mineira. <\/span><\/p>\n<p><strong>Fonte:<\/strong> Ag\u00eancia Minas<\/p>\n","protected":false},"excerpt":{"rendered":"<p>O governador Romeu Zema apresentou nesta segunda-feira (19), na Cidade Administrativa, ao l\u00edder da bancada mineira na C\u00e2mara Federal, deputado Diego Andrade, o Portf\u00f3lio de Projetos 2021. O documento re\u00fane 249 projetos priorit\u00e1rios que t\u00eam a finalidade de atrair recursos de emendas parlamentares federais para execu\u00e7\u00e3o de pol\u00edticas p\u00fablicas. Os projetos somam quase R$ 2 [&hellip;]<\/p>\n","protected":false},"author":96,"featured_media":171224,"comment_status":"closed","ping_status":"closed","sticky":false,"template":"","format":"standard","meta":{"footnotes":""},"categories":[436,440,254,439],"tags":[],"class_list":["post-171223","post","type-post","status-publish","format-standard","has-post-thumbnail","hentry","category-destaque-da-semana","category-destaques-do-dia","category-politica","category-ultima-hora"],"_links":{"self":[{"href":"https:\/\/diarioregionaldigital.com.br\/index.php?rest_route=\/wp\/v2\/posts\/171223","targetHints":{"allow":["GET"]}}],"collection":[{"href":"https:\/\/diarioregionaldigital.com.br\/index.php?rest_route=\/wp\/v2\/posts"}],"about":[{"href":"https:\/\/diarioregionaldigital.com.br\/index.php?rest_route=\/wp\/v2\/types\/post"}],"author":[{"embeddable":true,"href":"https:\/\/diarioregionaldigital.com.br\/index.php?rest_route=\/wp\/v2\/users\/96"}],"replies":[{"embeddable":true,"href":"https:\/\/diarioregionaldigital.com.br\/index.php?rest_route=%2Fwp%2Fv2%2Fcomments&post=171223"}],"version-history":[{"count":0,"href":"https:\/\/diarioregionaldigital.com.br\/index.php?rest_route=\/wp\/v2\/posts\/171223\/revisions"}],"wp:featuredmedia":[{"embeddable":true,"href":"https:\/\/diarioregionaldigital.com.br\/index.php?rest_route=\/wp\/v2\/media\/171224"}],"wp:attachment":[{"href":"https:\/\/diarioregionaldigital.com.br\/index.php?rest_route=%2Fwp%2Fv2%2Fmedia&parent=171223"}],"wp:term":[{"taxonomy":"category","embeddable":true,"href":"https:\/\/diarioregionaldigital.com.br\/index.php?rest_route=%2Fwp%2Fv2%2Fcategories&post=171223"},{"taxonomy":"post_tag","embeddable":true,"href":"https:\/\/diarioregionaldigital.com.br\/index.php?rest_route=%2Fwp%2Fv2%2Ftags&post=171223"}],"curies":[{"name":"wp","href":"https:\/\/api.w.org\/{rel}","templated":true}]}}