{"id":171221,"date":"2020-10-19T14:21:31","date_gmt":"2020-10-19T17:21:31","guid":{"rendered":"https:\/\/diarioregionaldigital.com.br\/?p=171221"},"modified":"2020-10-19T14:21:31","modified_gmt":"2020-10-19T17:21:31","slug":"covid-19-minas-gerais-registra-965-novos-casos-segundo-ses-mg","status":"publish","type":"post","link":"https:\/\/diarioregionaldigital.com.br\/?p=171221","title":{"rendered":"Covid-19: Minas Gerais registra 965 novos casos, segundo SES-MG"},"content":{"rendered":"<p>A Secretaria de Estado da Sa\u00fade de Minas Gerais (SES-MG), publicou nesta segunda-feira (19), mais uma atualiza\u00e7\u00e3o do <a href=\"https:\/\/www.saude.mg.gov.br\/images\/1_noticias\/10_2020\/2_out-nov-dez\/19-10_Boletim-Epidemiologico_COVID-19.pdf\">boletim epidemiol\u00f3gico<\/a> referente ao Coronav\u00edrus. Os dados apontam que nas \u00faltimas 24h, o estado obteve 965 novos casos da doen\u00e7a, totalizando 336.648 pessoas infectadas.<\/p>\n<p>De acordo com o levantamento, foram contabilizadas mais 7 mortes, acumulando 8.453 \u00f3bitos. Os dados indicam que 4.802 v\u00edtimas s\u00e3o do sexo masculino e 3.651 s\u00e3o do feminino. Al\u00e9m disso, 304.293 pacientes est\u00e3o recuperados da doen\u00e7a, representando 90,3% dos casos e 23.902 fazem acompanhamento m\u00e9dico.<\/p>\n<p>Conforme a SES-MG, foram feitos 160.446 testes laboratoriais, sendo que 41.503 deram positivo, 114.185 deram negativo e 1.669 est\u00e3o sob an\u00e1lise. Quanto aos dados de hospitaliza\u00e7\u00e3o, 32.965 pessoas est\u00e3o internadas e 303.683 est\u00e3o em isolamento domiciliar.<\/p>\n","protected":false},"excerpt":{"rendered":"<p>A Secretaria de Estado da Sa\u00fade de Minas Gerais (SES-MG), publicou nesta segunda-feira (19), mais uma atualiza\u00e7\u00e3o do boletim epidemiol\u00f3gico referente ao Coronav\u00edrus. Os dados apontam que nas \u00faltimas 24h, o estado obteve 965 novos casos da doen\u00e7a, totalizando 336.648 pessoas infectadas. De acordo com o levantamento, foram contabilizadas mais 7 mortes, acumulando 8.453 \u00f3bitos. [&hellip;]<\/p>\n","protected":false},"author":96,"featured_media":165832,"comment_status":"closed","ping_status":"closed","sticky":false,"template":"","format":"standard","meta":{"footnotes":""},"categories":[436,440,252,439],"tags":[],"class_list":["post-171221","post","type-post","status-publish","format-standard","has-post-thumbnail","hentry","category-destaque-da-semana","category-destaques-do-dia","category-regiao","category-ultima-hora"],"_links":{"self":[{"href":"https:\/\/diarioregionaldigital.com.br\/index.php?rest_route=\/wp\/v2\/posts\/171221","targetHints":{"allow":["GET"]}}],"collection":[{"href":"https:\/\/diarioregionaldigital.com.br\/index.php?rest_route=\/wp\/v2\/posts"}],"about":[{"href":"https:\/\/diarioregionaldigital.com.br\/index.php?rest_route=\/wp\/v2\/types\/post"}],"author":[{"embeddable":true,"href":"https:\/\/diarioregionaldigital.com.br\/index.php?rest_route=\/wp\/v2\/users\/96"}],"replies":[{"embeddable":true,"href":"https:\/\/diarioregionaldigital.com.br\/index.php?rest_route=%2Fwp%2Fv2%2Fcomments&post=171221"}],"version-history":[{"count":0,"href":"https:\/\/diarioregionaldigital.com.br\/index.php?rest_route=\/wp\/v2\/posts\/171221\/revisions"}],"wp:featuredmedia":[{"embeddable":true,"href":"https:\/\/diarioregionaldigital.com.br\/index.php?rest_route=\/wp\/v2\/media\/165832"}],"wp:attachment":[{"href":"https:\/\/diarioregionaldigital.com.br\/index.php?rest_route=%2Fwp%2Fv2%2Fmedia&parent=171221"}],"wp:term":[{"taxonomy":"category","embeddable":true,"href":"https:\/\/diarioregionaldigital.com.br\/index.php?rest_route=%2Fwp%2Fv2%2Fcategories&post=171221"},{"taxonomy":"post_tag","embeddable":true,"href":"https:\/\/diarioregionaldigital.com.br\/index.php?rest_route=%2Fwp%2Fv2%2Ftags&post=171221"}],"curies":[{"name":"wp","href":"https:\/\/api.w.org\/{rel}","templated":true}]}}